{"id":11916,"date":"2016-08-06T14:07:53","date_gmt":"2016-08-06T17:07:53","guid":{"rendered":"http:\/\/www.maisbn.com\/portal\/?p=11916"},"modified":"2016-08-06T14:12:14","modified_gmt":"2016-08-06T17:12:14","slug":"grande-evento-marcou-a-convencao-da-coligacao-que-apoiara-a-candidatura-do-ex-prefeito-iedo-elias","status":"publish","type":"post","link":"https:\/\/www.maisbn.com\/portal\/2016\/08\/grande-evento-marcou-a-convencao-da-coligacao-que-apoiara-a-candidatura-do-ex-prefeito-iedo-elias\/","title":{"rendered":"Grande evento marcou a conven\u00e7\u00e3o da coliga\u00e7\u00e3o que apoiar\u00e1 a candidatura do ex-prefeito I\u00eado Elias."},"content":{"rendered":"<p><span style=\"color: #000000;\">Na tarde dessa sexta-feira (05\/08) mais uma pe\u00e7a foi mexida no tabuleiro pol\u00edtico belmontense. Estamos falando da conven\u00e7\u00e3o que selou a alian\u00e7a entre os partidos PP, PSD, PDT, PRTB, PPS, PT e PROS. Os partidos coligados citados dar\u00e3o sustenta\u00e7\u00e3o \u00e0 candidatura do advogado e ex-prefeito I\u00eado Elias e do seu vice, o empres\u00e1rio Flavielle de S\u00e1.<\/span><\/p>\n<p><a href=\"http:\/\/www.maisbn.com\/portal\/wp-content\/uploads\/2016\/08\/iedo00144.jpg\"><img loading=\"lazy\" decoding=\"async\" class=\"aligncenter size-full wp-image-11917\" src=\"http:\/\/www.maisbn.com\/portal\/wp-content\/uploads\/2016\/08\/iedo00144.jpg\" alt=\"iedo00144\" width=\"650\" height=\"412\" \/><\/a><\/p>\n<p><span style=\"color: #000000;\">O evento aconteceu na sede do Esporte Clube \u00c1guia Negra e entre as personalidades presentes destacam-se o ex-prefeito de Itapebi Claudio Carvalho, autoridades, pr\u00e9-candidatos, l\u00edderes partid\u00e1rios e correligion\u00e1rios. <\/span><span style=\"color: #000000;\">Um grande n\u00famero de pessoas esteve presente deixando o local totalmente lotado. Um tel\u00e3o de Led foi colocado na parte de fora do Clube para que as pessoas pudessem ver da rua o que estava acontecendo internamente.<\/span><\/p>\n<p><a href=\"http:\/\/www.maisbn.com\/portal\/wp-content\/uploads\/2016\/08\/iedo00030.jpg\"><img loading=\"lazy\" decoding=\"async\" class=\"aligncenter size-full wp-image-11919\" src=\"http:\/\/www.maisbn.com\/portal\/wp-content\/uploads\/2016\/08\/iedo00030.jpg\" alt=\"iedo00030\" width=\"650\" height=\"412\" \/><\/a><\/p>\n<p><span style=\"color: #000000;\">O evento come\u00e7ou com uma carreata que saiu da casa do candidato I\u00eado Elias e o levou pelas ruas da cidade at\u00e9 o \u00c1guia Negra. Durante o caminho o ex-gestor foi abra\u00e7ado e recebeu palavras de apoio dos correligion\u00e1rios e simpatizantes e era acompanhado pelos candidatos a vereadores e o seu candidato a vice. Ao chegar ao local da conven\u00e7\u00e3o I\u00eado Elias e sua comitiva foi recebido por um grande n\u00famero de pessoas que j\u00e1 lotava o clube te esperando. Algumas pessoas preferiram ficar do lado de fora e acompanhar tudo do tel\u00e3o.<\/span><\/p>\n<p><a href=\"http:\/\/www.maisbn.com\/portal\/wp-content\/uploads\/2016\/08\/iedo00189.jpg\"><img loading=\"lazy\" decoding=\"async\" class=\"aligncenter size-full wp-image-11918\" src=\"http:\/\/www.maisbn.com\/portal\/wp-content\/uploads\/2016\/08\/iedo00189.jpg\" alt=\"iedo00189\" width=\"650\" height=\"412\" \/><\/a><\/p>\n<p><span style=\"color: #000000;\">Em seu pronunciamento o empres\u00e1rio Flavielle, candidato a vice-prefeito, comentou que estava com I\u00eado Elias por acreditar que o mesmo vai fazer a cidade se desenvolver novamente. \u201cPrecisamos buscar as melhorias do munic\u00edpio e a uni\u00e3o dos partidos aliados, que contribuir\u00e1 para o fortalecimento de Belmonte, a fim de que a cidade volte a se desenvolver\u201d, afirmou Flavielle.<\/span><\/p>\n<p><a href=\"http:\/\/www.maisbn.com\/portal\/wp-content\/uploads\/2016\/08\/iedo00196.jpg\"><img loading=\"lazy\" decoding=\"async\" class=\"aligncenter size-full wp-image-11920\" src=\"http:\/\/www.maisbn.com\/portal\/wp-content\/uploads\/2016\/08\/iedo00196.jpg\" alt=\"iedo00196\" width=\"650\" height=\"412\" \/><\/a><\/p>\n<p><span style=\"color: #000000;\">O ponto alto do evento foi quando o candidato I\u00eado Elias come\u00e7ou o seu pronunciamento. O ex-gestor declarou o seu amor por Belmonte e agradeceu a Deus e a sua fam\u00edlia pelo apoio. O mesmo ainda aproveitou para cutucar os seus advers\u00e1rios com um pronunciamento duro, principalmente contra a atual Prefeita Alice Britto, a quem se refere com a alcunha de sua maior inimiga pol\u00edtica. &#8220;Os tr\u00eas candidatos a prefeito de Belmonte s\u00e3o administrativamente conhecidos. J\u00e2nio administrou Belmonte duas vezes e renunciou. A Prefeita que a\u00ed est\u00e1 n\u00e3o posso dizer que est\u00e1 administrando, administram por ela. Porque marca um compromisso hoje e amanh\u00e3 j\u00e1 esqueceu o que marcou. Ela devia trabalhar de Oficial de Justi\u00e7a por gostar tanto de intima\u00e7\u00e3o.&#8221; &#8211; Comentou I\u00eado Elias se referindo \u00e0 sua sucessora.<\/span><\/p>\n<p><a href=\"http:\/\/www.maisbn.com\/portal\/wp-content\/uploads\/2016\/08\/iedo00121.jpg\"><img loading=\"lazy\" decoding=\"async\" class=\"aligncenter size-full wp-image-11921\" src=\"http:\/\/www.maisbn.com\/portal\/wp-content\/uploads\/2016\/08\/iedo00121.jpg\" alt=\"iedo00121\" width=\"650\" height=\"412\" \/><\/a><\/p>\n<p><span style=\"color: #000000;\">O ex-prefeito ainda citou que \u00e9 provocado nas redes sociais por pessoas que n\u00e3o tem o que fazer e comentou que n\u00e3o perderia tempo com latidos de c\u00e3es raivosos. O candidato ainda falou do Vereador Carvalho a quem se referiu como um brilhante trabalho de combate a um governo que prioriza os fofoqueiros. &#8220;Carvalho n\u00e3o \u00e9 tesoureiro, apenas exerce o seu trabalho de combater as vantagens dadas aos fofoqueiros da atual gest\u00e3o que \u00e9 considerada a gest\u00e3o que mais tem fofoqueiros da hist\u00f3ria de Belmonte.&#8221; &#8211; Comentou I\u00eado.<\/span><\/p>\n<p><a href=\"http:\/\/www.maisbn.com\/portal\/wp-content\/uploads\/2016\/08\/iedo00053.jpg\"><img loading=\"lazy\" decoding=\"async\" class=\"aligncenter size-full wp-image-11922\" src=\"http:\/\/www.maisbn.com\/portal\/wp-content\/uploads\/2016\/08\/iedo00053.jpg\" alt=\"iedo00053\" width=\"650\" height=\"412\" \/><\/a><\/p>\n<p><span style=\"color: #000000;\">Logo ap\u00f3s os depoimentos o candidato I\u00eado Elias, seu vice, candidatos a vereadores, correligion\u00e1rios e simpatizantes sa\u00edram pelos bairros de Belmonte em carreata demonstrando anima\u00e7\u00e3o e alegria.<\/span><\/p>\n<p><span style=\"color: #000000;\">Com a conven\u00e7\u00e3o do PP-11 fecha-se o primeiro ato da corrida eleitoral belmontense. Agora esperaremos as pr\u00f3ximas jogadas desse tabuleiro pol\u00edtico que decidir\u00e1 quem ser\u00e1 o candidato que guiar\u00e1 os futuros de Belmonte a partir de 2017.<\/span><\/p>\n","protected":false},"excerpt":{"rendered":"<p>Na tarde dessa sexta-feira (05\/08) mais uma pe\u00e7a foi mexida no tabuleiro pol\u00edtico belmontense. Estamos falando da conven\u00e7\u00e3o que selou a alian\u00e7a entre os partidos PP, PSD, PDT, PRTB, PPS, PT e PROS. Os partidos coligados citados dar\u00e3o sustenta\u00e7\u00e3o \u00e0 candidatura do advogado e ex-prefeito I\u00eado Elias e do seu vice, o empres\u00e1rio Flavielle de [&hellip;]<\/p>\n","protected":false},"author":7,"featured_media":11917,"comment_status":"open","ping_status":"open","sticky":false,"template":"","format":"standard","meta":{"footnotes":""},"categories":[1,7],"tags":[108],"class_list":["post-11916","post","type-post","status-publish","format-standard","has-post-thumbnail","hentry","category-noticias","category-politica","tag-belmonte"],"_links":{"self":[{"href":"https:\/\/www.maisbn.com\/portal\/wp-json\/wp\/v2\/posts\/11916","targetHints":{"allow":["GET"]}}],"collection":[{"href":"https:\/\/www.maisbn.com\/portal\/wp-json\/wp\/v2\/posts"}],"about":[{"href":"https:\/\/www.maisbn.com\/portal\/wp-json\/wp\/v2\/types\/post"}],"author":[{"embeddable":true,"href":"https:\/\/www.maisbn.com\/portal\/wp-json\/wp\/v2\/users\/7"}],"replies":[{"embeddable":true,"href":"https:\/\/www.maisbn.com\/portal\/wp-json\/wp\/v2\/comments?post=11916"}],"version-history":[{"count":5,"href":"https:\/\/www.maisbn.com\/portal\/wp-json\/wp\/v2\/posts\/11916\/revisions"}],"predecessor-version":[{"id":11927,"href":"https:\/\/www.maisbn.com\/portal\/wp-json\/wp\/v2\/posts\/11916\/revisions\/11927"}],"wp:featuredmedia":[{"embeddable":true,"href":"https:\/\/www.maisbn.com\/portal\/wp-json\/wp\/v2\/media\/11917"}],"wp:attachment":[{"href":"https:\/\/www.maisbn.com\/portal\/wp-json\/wp\/v2\/media?parent=11916"}],"wp:term":[{"taxonomy":"category","embeddable":true,"href":"https:\/\/www.maisbn.com\/portal\/wp-json\/wp\/v2\/categories?post=11916"},{"taxonomy":"post_tag","embeddable":true,"href":"https:\/\/www.maisbn.com\/portal\/wp-json\/wp\/v2\/tags?post=11916"}],"curies":[{"name":"wp","href":"https:\/\/api.w.org\/{rel}","templated":true}]}}