{"id":11905,"date":"2016-08-06T13:43:54","date_gmt":"2016-08-06T16:43:54","guid":{"rendered":"http:\/\/www.maisbn.com\/portal\/?p=11905"},"modified":"2016-08-06T15:54:48","modified_gmt":"2016-08-06T18:54:48","slug":"comecam-os-festejos-em-homenagem-a-nossa-senhora-das-cabecas-em-barrolandia","status":"publish","type":"post","link":"https:\/\/www.maisbn.com\/portal\/2016\/08\/comecam-os-festejos-em-homenagem-a-nossa-senhora-das-cabecas-em-barrolandia\/","title":{"rendered":"Come\u00e7am os festejos em homenagem \u00e0 Nossa Senhora das Cabe\u00e7as em Barrol\u00e2ndia."},"content":{"rendered":"<p><a href=\"http:\/\/www.maisbn.com\/portal\/wp-content\/uploads\/2016\/08\/novenabarrolandia00048.jpg\"><img loading=\"lazy\" decoding=\"async\" class=\"aligncenter size-full wp-image-11932\" src=\"http:\/\/www.maisbn.com\/portal\/wp-content\/uploads\/2016\/08\/novenabarrolandia00048.jpg\" alt=\"novenabarrolandia00048\" width=\"650\" height=\"412\" \/><\/a><\/p>\n<p><span style=\"color: #000000;\">Na \u00faltima quarta-feira (03\/08) teve inicio a tradicional festa de Nossa Senhora das Cabe\u00e7as, padroeira do Distrito de Barrol\u00e2ndia. A primeira noite da novena teve como homenageados a Equipe do D\u00edzimo, Dizimistas e Comerciantes. A missa foi celebrada pelo Padre Evanildo de Jesus Silva e teve como convidados a Par\u00f3quia Santo Antonio (Eun\u00e1polis) e a Par\u00f3quia Santa Luzia (Pindorama).<\/span><\/p>\n<p><a href=\"http:\/\/www.maisbn.com\/portal\/wp-content\/uploads\/2016\/08\/novenabarrolandia00040.jpg\"><img loading=\"lazy\" decoding=\"async\" class=\"aligncenter size-full wp-image-11933\" src=\"http:\/\/www.maisbn.com\/portal\/wp-content\/uploads\/2016\/08\/novenabarrolandia00040.jpg\" alt=\"novenabarrolandia00040\" width=\"650\" height=\"412\" \/><\/a><\/p>\n<p><span style=\"color: #000000;\">As noites da novena ser\u00e3o celebradas pela quase par\u00f3quia Nossa Senhora das Cabe\u00e7as at\u00e9 o dia 12\/08 onde ter\u00e3o diversos noiteiros homenageados.<\/span><\/p>\n<p><a href=\"http:\/\/www.maisbn.com\/portal\/wp-content\/uploads\/2016\/08\/novenabarrolandia00024.jpg\"><img loading=\"lazy\" decoding=\"async\" class=\"aligncenter size-full wp-image-11934\" src=\"http:\/\/www.maisbn.com\/portal\/wp-content\/uploads\/2016\/08\/novenabarrolandia00024.jpg\" alt=\"novenabarrolandia00024\" width=\"650\" height=\"412\" \/><\/a><\/p>\n<p><span style=\"color: #000000;\">At\u00e9 o momento n\u00e3o temos informa\u00e7\u00f5es se ter\u00e3o atra\u00e7\u00f5es musicais que se apresentar\u00e3o no distrito de Barrol\u00e2ndia por conta dos festejos. Informa\u00e7\u00f5es constam que a comunidade cat\u00f3lica local prefere que a festa seja direcionada para o religioso e que a mesma j\u00e1 teria pedido \u00e0 Prefeita Alice Britto que analisasse essa op\u00e7\u00e3o se houver inten\u00e7\u00e3o de programa\u00e7\u00f5es musicais para os festejos.<\/span><\/p>\n","protected":false},"excerpt":{"rendered":"<p>Na \u00faltima quarta-feira (03\/08) teve inicio a tradicional festa de Nossa Senhora das Cabe\u00e7as, padroeira do Distrito de Barrol\u00e2ndia. A primeira noite da novena teve como homenageados a Equipe do D\u00edzimo, Dizimistas e Comerciantes. A missa foi celebrada pelo Padre Evanildo de Jesus Silva e teve como convidados a Par\u00f3quia Santo Antonio (Eun\u00e1polis) e a [&hellip;]<\/p>\n","protected":false},"author":7,"featured_media":11936,"comment_status":"open","ping_status":"open","sticky":false,"template":"","format":"standard","meta":{"footnotes":""},"categories":[1,98],"tags":[108,435],"class_list":["post-11905","post","type-post","status-publish","format-standard","has-post-thumbnail","hentry","category-noticias","category-religiao","tag-belmonte","tag-belmonte-bahia-3"],"_links":{"self":[{"href":"https:\/\/www.maisbn.com\/portal\/wp-json\/wp\/v2\/posts\/11905","targetHints":{"allow":["GET"]}}],"collection":[{"href":"https:\/\/www.maisbn.com\/portal\/wp-json\/wp\/v2\/posts"}],"about":[{"href":"https:\/\/www.maisbn.com\/portal\/wp-json\/wp\/v2\/types\/post"}],"author":[{"embeddable":true,"href":"https:\/\/www.maisbn.com\/portal\/wp-json\/wp\/v2\/users\/7"}],"replies":[{"embeddable":true,"href":"https:\/\/www.maisbn.com\/portal\/wp-json\/wp\/v2\/comments?post=11905"}],"version-history":[{"count":3,"href":"https:\/\/www.maisbn.com\/portal\/wp-json\/wp\/v2\/posts\/11905\/revisions"}],"predecessor-version":[{"id":11935,"href":"https:\/\/www.maisbn.com\/portal\/wp-json\/wp\/v2\/posts\/11905\/revisions\/11935"}],"wp:featuredmedia":[{"embeddable":true,"href":"https:\/\/www.maisbn.com\/portal\/wp-json\/wp\/v2\/media\/11936"}],"wp:attachment":[{"href":"https:\/\/www.maisbn.com\/portal\/wp-json\/wp\/v2\/media?parent=11905"}],"wp:term":[{"taxonomy":"category","embeddable":true,"href":"https:\/\/www.maisbn.com\/portal\/wp-json\/wp\/v2\/categories?post=11905"},{"taxonomy":"post_tag","embeddable":true,"href":"https:\/\/www.maisbn.com\/portal\/wp-json\/wp\/v2\/tags?post=11905"}],"curies":[{"name":"wp","href":"https:\/\/api.w.org\/{rel}","templated":true}]}}