{"id":11890,"date":"2016-08-03T16:00:57","date_gmt":"2016-08-03T19:00:57","guid":{"rendered":"http:\/\/www.maisbn.com\/portal\/?p=11890"},"modified":"2016-08-03T16:00:57","modified_gmt":"2016-08-03T19:00:57","slug":"colaboradores-da-veracel-sao-homenageados-por-tempo-de-empresa","status":"publish","type":"post","link":"https:\/\/www.maisbn.com\/portal\/2016\/08\/colaboradores-da-veracel-sao-homenageados-por-tempo-de-empresa\/","title":{"rendered":"Colaboradores da Veracel s\u00e3o homenageados por tempo de empresa."},"content":{"rendered":"<p>Na noite do dia 29\/07, em Eun\u00e1polis, colaboradores da Veracel Celulose, seus familiares e gestores participaram de um evento organizado especialmente para homenagear os cinquenta e tr\u00eas colaboradores que completam 10, 15, 20 e 25 anos de atividades na empresa neste ano de 2016. <u><\/u><u><\/u><\/p>\n<p><a href=\"http:\/\/www.maisbn.com\/portal\/wp-content\/uploads\/2016\/08\/Homenagedos-por-tempo-de-empresa-1.jpg\"><img loading=\"lazy\" decoding=\"async\" class=\"aligncenter size-full wp-image-11891\" src=\"http:\/\/www.maisbn.com\/portal\/wp-content\/uploads\/2016\/08\/Homenagedos-por-tempo-de-empresa-1.jpg\" alt=\"Homenagedos por tempo de empresa (1)\" width=\"700\" height=\"394\" \/><\/a><\/p>\n<p>De acordo com o diretor presidente da Veracel, Antonio Sergio Alipio, este \u00e9 um momento muito especial para todos. \u201cHoje temos 53 motivos para celebrar. S\u00e3o 53 colegas que est\u00e3o completando importantes tempos de servi\u00e7o em nossa empresa e esse \u00e9 momento de muita alegria para n\u00f3s\u201d, afirmou durante discurso. Alipio acrescentou que esse cada um dos colaboradores \u2013 ao seu tempo e desempenhando o seu papel \u2013 ajudou a criar e a construir a Veracel. \u201cEssa \u00e9 a grande raz\u00e3o de estarmos aqui hoje: voc\u00eas\u201d.<\/p>\n<p><a href=\"http:\/\/www.maisbn.com\/portal\/wp-content\/uploads\/2016\/08\/Homenagedos-por-tempo-de-empresa-2.jpg\"><img loading=\"lazy\" decoding=\"async\" class=\"aligncenter size-full wp-image-11892\" src=\"http:\/\/www.maisbn.com\/portal\/wp-content\/uploads\/2016\/08\/Homenagedos-por-tempo-de-empresa-2.jpg\" alt=\"Homenagedos por tempo de empresa (2)\" width=\"700\" height=\"394\" \/><\/a><\/p>\n<p>A Veracel completou 25 anos de cria\u00e7\u00e3o em julho e com ela dois destes colaboradores homenageados comemoram 25 anos de trabalho na empresa. \u201cVi a empresa nascer, crescer e chegar at\u00e9 onde ela est\u00e1 hoje. Poder fazer parte disso \u00e9 motivo de emo\u00e7\u00e3o e orgulho para mim\u201d, afirmou Valmir Santana, um dos colaboradores que completam 25 anos de Veracel. \u201cMe sinto honrado de estar completando 25 anos junto com a Veracel. A empresa preparou essa festa linda para n\u00f3s e isso mostra o quanto somos importantes para empresa\u201d, complementou Beijamim Sandes que tamb\u00e9m est\u00e1 celebrando este tempo servi\u00e7o.<\/p>\n<p><a href=\"http:\/\/www.maisbn.com\/portal\/wp-content\/uploads\/2016\/08\/Homenagedos-por-tempo-de-empresa-3.jpg\"><img loading=\"lazy\" decoding=\"async\" class=\"aligncenter size-full wp-image-11893\" src=\"http:\/\/www.maisbn.com\/portal\/wp-content\/uploads\/2016\/08\/Homenagedos-por-tempo-de-empresa-3.jpg\" alt=\"Homenagedos por tempo de empresa (3)\" width=\"700\" height=\"394\" \/><\/a><\/p>\n<p>Al\u00e9m da homenagem aos colaboradores e de um momento de confraterniza\u00e7\u00e3o, o evento contou com a apresenta\u00e7\u00e3o humor\u00edstica \u201cConcessa \u2013 Tecendo Prosa\u201d, uma com\u00e9dia que est\u00e1 em cartaz h\u00e1 mais de 10 anos e j\u00e1 ultrapassou 1.500 apresenta\u00e7\u00f5es.<\/p>\n<p><a href=\"http:\/\/www.maisbn.com\/portal\/wp-content\/uploads\/2016\/08\/Homenagedos-por-tempo-de-empresa-4.jpg\"><img loading=\"lazy\" decoding=\"async\" class=\"aligncenter size-full wp-image-11894\" src=\"http:\/\/www.maisbn.com\/portal\/wp-content\/uploads\/2016\/08\/Homenagedos-por-tempo-de-empresa-4.jpg\" alt=\"Homenagedos por tempo de empresa (4)\" width=\"700\" height=\"394\" \/><\/a><\/p>\n<p>\u201cPodemos definir esse momento em tr\u00eas palavras: hist\u00f3ria, compromisso e legado. Esse evento significa o muito obrigado da Veracel e seus gestores a estes 53 colaboradores pelo o que t\u00eam feito pela empresa\u201d, concluiu Ari Medeiros, diretor de Opera\u00e7\u00f5es da Veracel.<\/p>\n","protected":false},"excerpt":{"rendered":"<p>Na noite do dia 29\/07, em Eun\u00e1polis, colaboradores da Veracel Celulose, seus familiares e gestores participaram de um evento organizado especialmente para homenagear os cinquenta e tr\u00eas colaboradores que completam 10, 15, 20 e 25 anos de atividades na empresa neste ano de 2016. De acordo com o diretor presidente da Veracel, Antonio Sergio Alipio, [&hellip;]<\/p>\n","protected":false},"author":7,"featured_media":11894,"comment_status":"open","ping_status":"open","sticky":false,"template":"","format":"standard","meta":{"footnotes":""},"categories":[29,1],"tags":[108],"class_list":["post-11890","post","type-post","status-publish","format-standard","has-post-thumbnail","hentry","category-empreendimentos","category-noticias","tag-belmonte"],"_links":{"self":[{"href":"https:\/\/www.maisbn.com\/portal\/wp-json\/wp\/v2\/posts\/11890","targetHints":{"allow":["GET"]}}],"collection":[{"href":"https:\/\/www.maisbn.com\/portal\/wp-json\/wp\/v2\/posts"}],"about":[{"href":"https:\/\/www.maisbn.com\/portal\/wp-json\/wp\/v2\/types\/post"}],"author":[{"embeddable":true,"href":"https:\/\/www.maisbn.com\/portal\/wp-json\/wp\/v2\/users\/7"}],"replies":[{"embeddable":true,"href":"https:\/\/www.maisbn.com\/portal\/wp-json\/wp\/v2\/comments?post=11890"}],"version-history":[{"count":1,"href":"https:\/\/www.maisbn.com\/portal\/wp-json\/wp\/v2\/posts\/11890\/revisions"}],"predecessor-version":[{"id":11895,"href":"https:\/\/www.maisbn.com\/portal\/wp-json\/wp\/v2\/posts\/11890\/revisions\/11895"}],"wp:featuredmedia":[{"embeddable":true,"href":"https:\/\/www.maisbn.com\/portal\/wp-json\/wp\/v2\/media\/11894"}],"wp:attachment":[{"href":"https:\/\/www.maisbn.com\/portal\/wp-json\/wp\/v2\/media?parent=11890"}],"wp:term":[{"taxonomy":"category","embeddable":true,"href":"https:\/\/www.maisbn.com\/portal\/wp-json\/wp\/v2\/categories?post=11890"},{"taxonomy":"post_tag","embeddable":true,"href":"https:\/\/www.maisbn.com\/portal\/wp-json\/wp\/v2\/tags?post=11890"}],"curies":[{"name":"wp","href":"https:\/\/api.w.org\/{rel}","templated":true}]}}