{"id":11872,"date":"2016-08-01T20:30:37","date_gmt":"2016-08-01T23:30:37","guid":{"rendered":"http:\/\/www.maisbn.com\/portal\/?p=11872"},"modified":"2016-08-01T20:30:37","modified_gmt":"2016-08-01T23:30:37","slug":"grande-festa-marca-os-15-anos-da-escolinha-de-futebol-do-bom-jardim","status":"publish","type":"post","link":"https:\/\/www.maisbn.com\/portal\/2016\/08\/grande-festa-marca-os-15-anos-da-escolinha-de-futebol-do-bom-jardim\/","title":{"rendered":"Grande festa marca os 15 anos da Escolinha de Futebol do Bom Jardim."},"content":{"rendered":"<p><span style=\"color: #000000;\">Uma grande festa do esporte aconteceu na Arena Bom Jardim no \u00faltimo s\u00e1bado (30\/07). Estamos falando do anivers\u00e1rio de 15 anos da Escolinha de\u00a0 Futebol do Bom Jardim onde aconteceu um torneio entre times infantis onde quem saiu campe\u00e3 foi a equipe montada pela Escolinha de Gamarra.<\/span><\/p>\n<p><a href=\"http:\/\/www.maisbn.com\/portal\/wp-content\/uploads\/2016\/08\/escolinhadobomjardim00052.jpg\"><img loading=\"lazy\" decoding=\"async\" class=\"aligncenter size-full wp-image-11873\" src=\"http:\/\/www.maisbn.com\/portal\/wp-content\/uploads\/2016\/08\/escolinhadobomjardim00052.jpg\" alt=\"escolinhadobomjardim00052\" width=\"650\" height=\"412\" \/><\/a><\/p>\n<p><span style=\"color: #000000;\">Na categoria juvenil a equipe do Bom Jardim foi a campe\u00e3 e ainda aconteceu o futebol feminino onde a equipe do S\u00e3o Benedito saiu vencedora.<\/span><\/p>\n<p><a href=\"http:\/\/www.maisbn.com\/portal\/wp-content\/uploads\/2016\/08\/escolinhadobomjardim00002.jpg\"><img loading=\"lazy\" decoding=\"async\" class=\"aligncenter size-full wp-image-11874\" src=\"http:\/\/www.maisbn.com\/portal\/wp-content\/uploads\/2016\/08\/escolinhadobomjardim00002.jpg\" alt=\"escolinhadobomjardim00002\" width=\"650\" height=\"412\" \/><\/a><\/p>\n<p><span style=\"color: #000000;\">O evento teve a organiza\u00e7\u00e3o do Sr. Manoel, que \u00e9 professor e fundador da Escolinha do Bom Jardim e contou com o apoio do candidato a vereador Luluca, Bujega Eventos, Irm\u00e3o Daco do S\u00e3o Benedito, Roni de Boca do C\u00f3rrego, Dedeco Bueno, Juraney e da Prefeitura Municipal de Belmonte atrav\u00e9s da Secretaria de Esportes.<\/span><\/p>\n","protected":false},"excerpt":{"rendered":"<p>Uma grande festa do esporte aconteceu na Arena Bom Jardim no \u00faltimo s\u00e1bado (30\/07). Estamos falando do anivers\u00e1rio de 15 anos da Escolinha de\u00a0 Futebol do Bom Jardim onde aconteceu um torneio entre times infantis onde quem saiu campe\u00e3 foi a equipe montada pela Escolinha de Gamarra. Na categoria juvenil a equipe do Bom Jardim [&hellip;]<\/p>\n","protected":false},"author":7,"featured_media":11873,"comment_status":"open","ping_status":"open","sticky":false,"template":"","format":"standard","meta":{"footnotes":""},"categories":[10,1],"tags":[108],"class_list":["post-11872","post","type-post","status-publish","format-standard","has-post-thumbnail","hentry","category-esporte","category-noticias","tag-belmonte"],"_links":{"self":[{"href":"https:\/\/www.maisbn.com\/portal\/wp-json\/wp\/v2\/posts\/11872","targetHints":{"allow":["GET"]}}],"collection":[{"href":"https:\/\/www.maisbn.com\/portal\/wp-json\/wp\/v2\/posts"}],"about":[{"href":"https:\/\/www.maisbn.com\/portal\/wp-json\/wp\/v2\/types\/post"}],"author":[{"embeddable":true,"href":"https:\/\/www.maisbn.com\/portal\/wp-json\/wp\/v2\/users\/7"}],"replies":[{"embeddable":true,"href":"https:\/\/www.maisbn.com\/portal\/wp-json\/wp\/v2\/comments?post=11872"}],"version-history":[{"count":1,"href":"https:\/\/www.maisbn.com\/portal\/wp-json\/wp\/v2\/posts\/11872\/revisions"}],"predecessor-version":[{"id":11875,"href":"https:\/\/www.maisbn.com\/portal\/wp-json\/wp\/v2\/posts\/11872\/revisions\/11875"}],"wp:featuredmedia":[{"embeddable":true,"href":"https:\/\/www.maisbn.com\/portal\/wp-json\/wp\/v2\/media\/11873"}],"wp:attachment":[{"href":"https:\/\/www.maisbn.com\/portal\/wp-json\/wp\/v2\/media?parent=11872"}],"wp:term":[{"taxonomy":"category","embeddable":true,"href":"https:\/\/www.maisbn.com\/portal\/wp-json\/wp\/v2\/categories?post=11872"},{"taxonomy":"post_tag","embeddable":true,"href":"https:\/\/www.maisbn.com\/portal\/wp-json\/wp\/v2\/tags?post=11872"}],"curies":[{"name":"wp","href":"https:\/\/api.w.org\/{rel}","templated":true}]}}