{"id":11855,"date":"2016-08-01T11:40:29","date_gmt":"2016-08-01T14:40:29","guid":{"rendered":"http:\/\/www.maisbn.com\/portal\/?p=11855"},"modified":"2016-08-01T11:45:52","modified_gmt":"2016-08-01T14:45:52","slug":"janio-natal-e-janival-sao-recepcionados-por-uma-multidao-de-gente-na-barrinha","status":"publish","type":"post","link":"https:\/\/www.maisbn.com\/portal\/2016\/08\/janio-natal-e-janival-sao-recepcionados-por-uma-multidao-de-gente-na-barrinha\/","title":{"rendered":"Janio Natal e Janival s\u00e3o recepcionados por uma multid\u00e3o de gente na Barrinha."},"content":{"rendered":"<p><span style=\"color: #000000;\">Neste domingo (31\/07), mais de mil pessoas, uma verdadeira multid\u00e3o e com muita anima\u00e7\u00e3o, foram recepcionar J\u00e2nio e Janival, na Barrinha (entrada da cidade). O p\u00fablico foi composto de crian\u00e7as adultos e jovens. Foi realmente um verdadeira festa.<\/span><\/p>\n<p><a href=\"http:\/\/www.maisbn.com\/portal\/wp-content\/uploads\/2016\/08\/convenaoptn1900082.jpg\"><img loading=\"lazy\" decoding=\"async\" class=\"aligncenter wp-image-11867 size-full\" src=\"http:\/\/www.maisbn.com\/portal\/wp-content\/uploads\/2016\/08\/convenaoptn1900082.jpg\" alt=\"\" width=\"650\" height=\"412\" \/><\/a><\/p>\n<p><span style=\"color: #000000;\">Da Barrinha, todos seguiram para a sede da Filarmonica quinze de Setembro, onde foi realizada a Conven\u00e7\u00e3o dos partidos: PTN, PMB, PSDB, PEN, PTC, PTdoB, PCdoB e PV. Na oportunidade foram homologadas as candidaturas de J\u00e2nio Natal, PTN-19, no cargo de prefeito e Janival, tamb\u00e9m PTN-19, como vice, al\u00e9m de mais de quarenta candidatos a vereadores.<\/span><\/p>\n<p><a href=\"http:\/\/www.maisbn.com\/portal\/wp-content\/uploads\/2016\/08\/convenaoptn1900057.jpg\"><img loading=\"lazy\" decoding=\"async\" class=\"aligncenter size-full wp-image-11857\" src=\"http:\/\/www.maisbn.com\/portal\/wp-content\/uploads\/2016\/08\/convenaoptn1900057.jpg\" alt=\"convenaoptn1900057\" width=\"650\" height=\"412\" \/><\/a><\/p>\n<p><span style=\"color: #000000;\">Participaram do evento alguns convidados, como: O diretor geral do Detran, Dr. Lucio Gomes, Dr Sebastiao Mendes, Assessor do Tribunal de Justi\u00e7a, Lu\u00eds Almeida, secret\u00e1rio do Tribunal de Contas dos Munic\u00edpios, Aguinelo, candidato a prefeito de Cabralia e o prefeito de Itapebi, Gunga.<\/span><\/p>\n<p><a href=\"http:\/\/www.maisbn.com\/portal\/wp-content\/uploads\/2016\/08\/convenaoptn1900147.jpg\"><img loading=\"lazy\" decoding=\"async\" class=\"aligncenter size-full wp-image-11858\" src=\"http:\/\/www.maisbn.com\/portal\/wp-content\/uploads\/2016\/08\/convenaoptn1900147.jpg\" alt=\"convenaoptn1900147\" width=\"650\" height=\"412\" \/><\/a><\/p>\n<p><span style=\"color: #000000;\">Em entrevista, Janival garantiu que se sente muito orgulhoso por estar participando da chapa como vice de J\u00e2nio. Garantiu que estar\u00e1 lado a lado de J\u00e2nio Natal, principalmente na parte administrativa e que se dedicar\u00e1 intensamente para colaborar com a administra\u00e7\u00e3o do mesmo.<\/span><\/p>\n<p><a href=\"http:\/\/www.maisbn.com\/portal\/wp-content\/uploads\/2016\/08\/convenaoptn1900156.jpg\"><img loading=\"lazy\" decoding=\"async\" class=\"aligncenter size-full wp-image-11859\" src=\"http:\/\/www.maisbn.com\/portal\/wp-content\/uploads\/2016\/08\/convenaoptn1900156.jpg\" alt=\"convenaoptn1900156\" width=\"650\" height=\"412\" \/><\/a><\/p>\n<p><span style=\"color: #000000;\">Quem tamb\u00e9m discursou foi J\u00e2nio Natal Junior, que usou o microfone para pedir ao pai um cuidado especial para a sa\u00fade do munic\u00edpio, e que n\u00e3o deixe acontecer o que est\u00e1 acontecendo hoje: o povo est\u00e1 morrendo por falta de uma boa assist\u00eancia \u00e0 sa\u00fade.<\/span><\/p>\n<p><a href=\"http:\/\/www.maisbn.com\/portal\/wp-content\/uploads\/2016\/08\/convenaoptn1900160.jpg\"><img loading=\"lazy\" decoding=\"async\" class=\"aligncenter size-full wp-image-11860\" src=\"http:\/\/www.maisbn.com\/portal\/wp-content\/uploads\/2016\/08\/convenaoptn1900160.jpg\" alt=\"convenaoptn1900160\" width=\"650\" height=\"412\" \/><\/a><\/p>\n<p><span style=\"color: #000000;\">Em seu discurso empolgante, J\u00e2nio Natal garantiu que Belmonte voltar\u00e1 a sorrir como antes, referindo-se \u00e0s suas administra\u00e7\u00f5es anteriores, principalmente nas \u00e1reas da sa\u00fade, do esporte, do social, da educa\u00e7\u00e3o e da seguran\u00e7a. J\u00e2nio foi mais al\u00e9m, declarou que a sua principal meta ser\u00e1 conseguir a constru\u00e7\u00e3o da estrada Belmonte a Canavieiras para tirar Belmonte de uma cidade fim de linha, e, consequentemente, gerar mais emprego para nossa popula\u00e7\u00e3o.<\/span><\/p>\n<p><a href=\"http:\/\/www.maisbn.com\/portal\/wp-content\/uploads\/2016\/08\/mosaico_convencaoptn19.jpg\"><img loading=\"lazy\" decoding=\"async\" class=\"aligncenter size-full wp-image-11861\" src=\"http:\/\/www.maisbn.com\/portal\/wp-content\/uploads\/2016\/08\/mosaico_convencaoptn19.jpg\" alt=\"mosaico_convencaoptn19\" width=\"700\" height=\"450\" \/><\/a><\/p>\n<p><em>Informa\u00e7\u00f5es: ASCOM\/J\u00e2nio Natal<\/em><\/p>\n<p>Fotos: +BN.com<\/p>\n","protected":false},"excerpt":{"rendered":"<p>Neste domingo (31\/07), mais de mil pessoas, uma verdadeira multid\u00e3o e com muita anima\u00e7\u00e3o, foram recepcionar J\u00e2nio e Janival, na Barrinha (entrada da cidade). O p\u00fablico foi composto de crian\u00e7as adultos e jovens. Foi realmente um verdadeira festa. Da Barrinha, todos seguiram para a sede da Filarmonica quinze de Setembro, onde foi realizada a Conven\u00e7\u00e3o [&hellip;]<\/p>\n","protected":false},"author":7,"featured_media":11863,"comment_status":"open","ping_status":"open","sticky":false,"template":"","format":"standard","meta":{"footnotes":""},"categories":[1,7],"tags":[108],"class_list":["post-11855","post","type-post","status-publish","format-standard","has-post-thumbnail","hentry","category-noticias","category-politica","tag-belmonte"],"_links":{"self":[{"href":"https:\/\/www.maisbn.com\/portal\/wp-json\/wp\/v2\/posts\/11855","targetHints":{"allow":["GET"]}}],"collection":[{"href":"https:\/\/www.maisbn.com\/portal\/wp-json\/wp\/v2\/posts"}],"about":[{"href":"https:\/\/www.maisbn.com\/portal\/wp-json\/wp\/v2\/types\/post"}],"author":[{"embeddable":true,"href":"https:\/\/www.maisbn.com\/portal\/wp-json\/wp\/v2\/users\/7"}],"replies":[{"embeddable":true,"href":"https:\/\/www.maisbn.com\/portal\/wp-json\/wp\/v2\/comments?post=11855"}],"version-history":[{"count":5,"href":"https:\/\/www.maisbn.com\/portal\/wp-json\/wp\/v2\/posts\/11855\/revisions"}],"predecessor-version":[{"id":11869,"href":"https:\/\/www.maisbn.com\/portal\/wp-json\/wp\/v2\/posts\/11855\/revisions\/11869"}],"wp:featuredmedia":[{"embeddable":true,"href":"https:\/\/www.maisbn.com\/portal\/wp-json\/wp\/v2\/media\/11863"}],"wp:attachment":[{"href":"https:\/\/www.maisbn.com\/portal\/wp-json\/wp\/v2\/media?parent=11855"}],"wp:term":[{"taxonomy":"category","embeddable":true,"href":"https:\/\/www.maisbn.com\/portal\/wp-json\/wp\/v2\/categories?post=11855"},{"taxonomy":"post_tag","embeddable":true,"href":"https:\/\/www.maisbn.com\/portal\/wp-json\/wp\/v2\/tags?post=11855"}],"curies":[{"name":"wp","href":"https:\/\/api.w.org\/{rel}","templated":true}]}}