{"id":11838,"date":"2016-07-30T15:34:06","date_gmt":"2016-07-30T18:34:06","guid":{"rendered":"http:\/\/www.maisbn.com\/portal\/?p=11838"},"modified":"2016-07-30T15:34:06","modified_gmt":"2016-07-30T18:34:06","slug":"janio-natal-se-declara-pre-candidato-a-prefeito-de-belmonte-e-janival-sera-o-seu-vice","status":"publish","type":"post","link":"https:\/\/www.maisbn.com\/portal\/2016\/07\/janio-natal-se-declara-pre-candidato-a-prefeito-de-belmonte-e-janival-sera-o-seu-vice\/","title":{"rendered":"J\u00e2nio Natal se declara pr\u00e9-candidato a prefeito de Belmonte e Janival ser\u00e1 o seu vice."},"content":{"rendered":"<p><span style=\"color: #000000;\">Nesta sexta feira, o deputado J\u00e2nio Natal, filiado ao PTN &#8211; 19, anunciou que ser\u00e1 o candidato a prefeito de Belmonte, tendo como vice na chapa o seu irm\u00e3o Janival, tamb\u00e9m filiado ao PTN &#8211; 19. Em entrevista com toda a imprensa presente, o deputado declarou que tentou de todas as formas um acordo pol\u00edtico para que Belmonte tivesse apenas dois candidatos, mas, infelizmente, isto n\u00e3o aconteceu.<\/span><\/p>\n<p><a href=\"http:\/\/www.maisbn.com\/portal\/wp-content\/uploads\/2016\/07\/janioejanival00033.jpg\"><img loading=\"lazy\" decoding=\"async\" class=\"aligncenter size-full wp-image-11839\" src=\"http:\/\/www.maisbn.com\/portal\/wp-content\/uploads\/2016\/07\/janioejanival00033.jpg\" alt=\"janioejanival00033\" width=\"650\" height=\"412\" \/><\/a><\/p>\n<p><span style=\"color: #000000;\">Declarou que escolheu Janival como vice porque por duas vezes foi tra\u00eddo pelos seus dois vices quando foi prefeito no munic\u00edpio e, por conhecer o car\u00e1ter e a fidelidade do seu irm\u00e3o Janival, tem certeza de que isso n\u00e3o acontecer\u00e1 mais. Al\u00e9m de tudo conhece o dinamismo, a compet\u00eancia e o compromisso de Janival com Belmonte e seu povo. &#8220;Janival ter\u00e1 um papel important\u00edssimo na administra\u00e7\u00e3o de Belmonte, ele, al\u00e9m de competente, \u00e9 organizado e \u00e9 bom administrador. Ficarei mais na parte pol\u00edtica, em contato direto com o povo e buscando recursos para o munic\u00edpio. Juntos, teremos a obriga\u00e7\u00e3o de voltar o sorriso no rosto dos Belmontenses. Fico muito\u00a0 triste em ver, hoje, meu povo sofrer com a falta de compromisso com a sa\u00fade p\u00fablica do nosso povo e falta de emprego. Al\u00e9m de tudo o esporte est\u00e1 abandonado, esquecido, hoje, o que existe no esporte \u00e9 feito com muito trabalho pelos pr\u00f3prios desportistas, sem qualquer ajuda da prefeitura. O nosso povo est\u00e1 triste, precisando de amor, carinho e aten\u00e7\u00e3o. Em breve Belmonte voltar\u00e1 a sorrir.&#8221; &#8211; Garantiu J\u00e2nio Natal.<\/span><\/p>\n<p><a href=\"http:\/\/www.maisbn.com\/portal\/wp-content\/uploads\/2016\/07\/janioejanival00084.jpg\"><img loading=\"lazy\" decoding=\"async\" class=\"aligncenter size-full wp-image-11840\" src=\"http:\/\/www.maisbn.com\/portal\/wp-content\/uploads\/2016\/07\/janioejanival00084.jpg\" alt=\"janioejanival00084\" width=\"650\" height=\"412\" \/><\/a><\/p>\n<p><span style=\"color: #000000;\">Perguntado se pretende renunciar ao cargo, deixando seu irm\u00e3o em seu lugar, caso seja eleito, J\u00e2nio respondeu que, apesar da lei me permitir, ele n\u00e3o far\u00e1 isso:\u00a0 &#8220;Eu n\u00e3o sei o motivo dessa pergunta, tendo em vista que por duas vezes fui candidato a prefeito do munic\u00edpio e, em ambas as vezes, assumi os mandatos e realizei excelentes administra\u00e7\u00f5es, elogiadas por todos e com aprova\u00e7\u00e3o de 85% de toda a popula\u00e7\u00e3o.&#8221; &#8211; Comentou J\u00e2nio.<br \/>\n<\/span><\/p>\n<p><a href=\"http:\/\/www.maisbn.com\/portal\/wp-content\/uploads\/2016\/07\/janioejanival00129.jpg\"><img loading=\"lazy\" decoding=\"async\" class=\"aligncenter size-full wp-image-11841\" src=\"http:\/\/www.maisbn.com\/portal\/wp-content\/uploads\/2016\/07\/janioejanival00129.jpg\" alt=\"janioejanival00129\" width=\"650\" height=\"412\" \/><\/a><\/p>\n<p><span style=\"color: #000000;\">Perguntado, ainda, sobre qual sua expectativa dos resultados das pr\u00f3ximas elei\u00e7\u00f5es, J\u00e2nio Natal respondeu textualmente: &#8220;Fui prefeito eleito em Belmonte por duas vezes e em ambas as vezes ganhei em todas as urnas, pretendo repetir a dose pela terceira vez. O povo confia em mim e eu confio no povo, somos c\u00famplices um com o outro.&#8221; &#8211; Comentou J\u00e2nio.<\/span><\/p>\n<p><span style=\"color: #000000;\">Questionado sobre suas prioridades, ele respondeu:&#8221; Primeiramente, dar uma sa\u00fade digna para nosso povo, organizar a administra\u00e7\u00e3o municipal, que est\u00e1 uma bagun\u00e7a, recuperar o esporte, motivar uma boa educa\u00e7\u00e3o, gerar emprego e cobrar do governo do estado uma boa seguran\u00e7a.&#8221;<\/span><\/p>\n<p><a href=\"http:\/\/www.maisbn.com\/portal\/wp-content\/uploads\/2016\/07\/janioejanival00066.jpg\"><img loading=\"lazy\" decoding=\"async\" class=\"aligncenter size-full wp-image-11842\" src=\"http:\/\/www.maisbn.com\/portal\/wp-content\/uploads\/2016\/07\/janioejanival00066.jpg\" alt=\"janioejanival00066\" width=\"650\" height=\"412\" \/><\/a><\/p>\n<p><span style=\"color: #000000;\">Sobre a estrada Belmonte\/Canavieiras, J\u00e2nio garantiu que ser\u00e1 sua principal meta. &#8220;S\u00f3 assim, Belmonte deixar\u00e1 de ser fim de linha e poder\u00e1 sonhar com o progresso da cidade. Os jovens est\u00e3o precisando ter oportunidades de emprego e \u00e9 com essa estrada que traremos novas oportunidades, inclusive para o com\u00e9rcio local.&#8221; &#8211; Concluiu J\u00e2nio Natal<\/span><\/p>\n<p><span style=\"color: #000000;\">JANIVAL DECLARA SER PRIVIL\u00c9GIO FAZER PARTE DA CHAPA COM J\u00c2NIO NATAL.<\/span><\/p>\n<p>&nbsp;<\/p>\n<p><a href=\"http:\/\/www.maisbn.com\/portal\/wp-content\/uploads\/2016\/07\/janioejanival00187.jpg\"><img loading=\"lazy\" decoding=\"async\" class=\"aligncenter size-full wp-image-11843\" src=\"http:\/\/www.maisbn.com\/portal\/wp-content\/uploads\/2016\/07\/janioejanival00187.jpg\" alt=\"janioejanival00187\" width=\"650\" height=\"412\" \/><\/a><\/p>\n<p><span style=\"color: #000000;\">Janival, irm\u00e3o de J\u00e2nio, ao ser perguntado se estava sentido em n\u00e3o ser o candidato a prefeito fez quest\u00e3o de frisar: &#8220;Ser vice de J\u00e2nio Natal \u00e9 um desejo de qualquer pol\u00edtico, J\u00e2nio tem muito a mim ensinar, tanto na parte pol\u00edtica como na administra\u00e7\u00e3o p\u00fablica, terei o maior prazer em ajud\u00e1-lo administrar Belmonte, darei tudo de mim para que fa\u00e7amos uma excelente administra\u00e7\u00e3o, voltado para servir nosso povo em todas as \u00e1reas: na sa\u00fade, educa\u00e7\u00e3o, no esporte, no social, na seguran\u00e7a, enfim; em tudo que diz respeito a benef\u00edcios para a cidade e o povo. Teremos obriga\u00e7\u00e3o de fazer Belmonte voltar a sorrir&#8221;. Concluiu Janival.<\/span><\/p>\n","protected":false},"excerpt":{"rendered":"<p>Nesta sexta feira, o deputado J\u00e2nio Natal, filiado ao PTN &#8211; 19, anunciou que ser\u00e1 o candidato a prefeito de Belmonte, tendo como vice na chapa o seu irm\u00e3o Janival, tamb\u00e9m filiado ao PTN &#8211; 19. Em entrevista com toda a imprensa presente, o deputado declarou que tentou de todas as formas um acordo pol\u00edtico [&hellip;]<\/p>\n","protected":false},"author":7,"featured_media":11843,"comment_status":"open","ping_status":"open","sticky":false,"template":"","format":"standard","meta":{"footnotes":""},"categories":[1,7],"tags":[108],"class_list":["post-11838","post","type-post","status-publish","format-standard","has-post-thumbnail","hentry","category-noticias","category-politica","tag-belmonte"],"_links":{"self":[{"href":"https:\/\/www.maisbn.com\/portal\/wp-json\/wp\/v2\/posts\/11838","targetHints":{"allow":["GET"]}}],"collection":[{"href":"https:\/\/www.maisbn.com\/portal\/wp-json\/wp\/v2\/posts"}],"about":[{"href":"https:\/\/www.maisbn.com\/portal\/wp-json\/wp\/v2\/types\/post"}],"author":[{"embeddable":true,"href":"https:\/\/www.maisbn.com\/portal\/wp-json\/wp\/v2\/users\/7"}],"replies":[{"embeddable":true,"href":"https:\/\/www.maisbn.com\/portal\/wp-json\/wp\/v2\/comments?post=11838"}],"version-history":[{"count":1,"href":"https:\/\/www.maisbn.com\/portal\/wp-json\/wp\/v2\/posts\/11838\/revisions"}],"predecessor-version":[{"id":11844,"href":"https:\/\/www.maisbn.com\/portal\/wp-json\/wp\/v2\/posts\/11838\/revisions\/11844"}],"wp:featuredmedia":[{"embeddable":true,"href":"https:\/\/www.maisbn.com\/portal\/wp-json\/wp\/v2\/media\/11843"}],"wp:attachment":[{"href":"https:\/\/www.maisbn.com\/portal\/wp-json\/wp\/v2\/media?parent=11838"}],"wp:term":[{"taxonomy":"category","embeddable":true,"href":"https:\/\/www.maisbn.com\/portal\/wp-json\/wp\/v2\/categories?post=11838"},{"taxonomy":"post_tag","embeddable":true,"href":"https:\/\/www.maisbn.com\/portal\/wp-json\/wp\/v2\/tags?post=11838"}],"curies":[{"name":"wp","href":"https:\/\/api.w.org\/{rel}","templated":true}]}}