{"id":11833,"date":"2016-07-30T10:14:18","date_gmt":"2016-07-30T13:14:18","guid":{"rendered":"http:\/\/www.maisbn.com\/portal\/?p=11833"},"modified":"2016-07-30T10:16:09","modified_gmt":"2016-07-30T13:16:09","slug":"grupo-politico-de-alice-britto-diz-que-albervan-e-um-nome-forte-para-a-disputa-politica-em-belmonte","status":"publish","type":"post","link":"https:\/\/www.maisbn.com\/portal\/2016\/07\/grupo-politico-de-alice-britto-diz-que-albervan-e-um-nome-forte-para-a-disputa-politica-em-belmonte\/","title":{"rendered":"Grupo pol\u00edtico de Alice Britto diz que Albervan \u00e9 um nome forte para a disputa pol\u00edtica em Belmonte."},"content":{"rendered":"<p><span style=\"color: #000000;\">Nossa equipe nesta sexta-feira (29\/07) esteve conversando com o grupo pol\u00edtico que d\u00e1 sustenta\u00e7\u00e3o \u00e0 futura coliga\u00e7\u00e3o dos partidos que dar\u00e3o suporte ao PSB-40 \u00e0 campanha de reelei\u00e7\u00e3o da pr\u00e9-candidata Alice Britto para saber as estimativas pol\u00edticas e como est\u00e3o os \u00e2nimos depois da escolha do vice Albervan Nunes.<\/span><\/p>\n<p><a href=\"http:\/\/www.maisbn.com\/portal\/wp-content\/uploads\/2016\/07\/albervan00061.jpg\"><img loading=\"lazy\" decoding=\"async\" class=\"aligncenter size-full wp-image-11834\" src=\"http:\/\/www.maisbn.com\/portal\/wp-content\/uploads\/2016\/07\/albervan00061.jpg\" alt=\"albervan00061\" width=\"650\" height=\"412\" \/><\/a><\/p>\n<p><span style=\"color: #000000;\">Deu para sentir que o grupo segue animado e considerou um bom nome para disputa pol\u00edtica. Outro fato que animou os correligion\u00e1rios da gestora foi o sucesso da reuni\u00e3o e a recep\u00e7\u00e3o do p\u00fablico presente que aplaudiu o an\u00fancio do nome do ex-secret\u00e1rio \u00e0 vice. &#8220;Foi uma boa escolha. \u00c9 uma pessoa \u00edntegra, honesta e n\u00e3o tem manchas em sua conduta de vida. O povo reconheceu essas qualidades e sentiu que est\u00e1 bem representado com o nome de Albervan Nunes.&#8221; &#8211; Comentou Dilson Santos.<\/span><\/p>\n<p><a href=\"http:\/\/www.maisbn.com\/portal\/wp-content\/uploads\/2016\/07\/albervan00001.jpg\"><img loading=\"lazy\" decoding=\"async\" class=\"aligncenter size-full wp-image-11835\" src=\"http:\/\/www.maisbn.com\/portal\/wp-content\/uploads\/2016\/07\/albervan00001.jpg\" alt=\"albervan00001\" width=\"650\" height=\"412\" \/><\/a><\/p>\n<p><span style=\"color: #000000;\">Nossa equipe teve um pequeno problema no tratamento das fotos e atrasou na publica\u00e7\u00e3o das mesmas. Segue abaixo as fotos do evento que anunciou a escolha de Albevan Nunes como vice:<\/span><\/p>\n<p>&nbsp;<\/p>\n<p>&nbsp;<\/p>\n<p>&nbsp;<\/p>\n","protected":false},"excerpt":{"rendered":"<p>Nossa equipe nesta sexta-feira (29\/07) esteve conversando com o grupo pol\u00edtico que d\u00e1 sustenta\u00e7\u00e3o \u00e0 futura coliga\u00e7\u00e3o dos partidos que dar\u00e3o suporte ao PSB-40 \u00e0 campanha de reelei\u00e7\u00e3o da pr\u00e9-candidata Alice Britto para saber as estimativas pol\u00edticas e como est\u00e3o os \u00e2nimos depois da escolha do vice Albervan Nunes. Deu para sentir que o grupo [&hellip;]<\/p>\n","protected":false},"author":7,"featured_media":11834,"comment_status":"open","ping_status":"open","sticky":false,"template":"","format":"standard","meta":{"footnotes":""},"categories":[1,7],"tags":[108],"class_list":["post-11833","post","type-post","status-publish","format-standard","has-post-thumbnail","hentry","category-noticias","category-politica","tag-belmonte"],"_links":{"self":[{"href":"https:\/\/www.maisbn.com\/portal\/wp-json\/wp\/v2\/posts\/11833","targetHints":{"allow":["GET"]}}],"collection":[{"href":"https:\/\/www.maisbn.com\/portal\/wp-json\/wp\/v2\/posts"}],"about":[{"href":"https:\/\/www.maisbn.com\/portal\/wp-json\/wp\/v2\/types\/post"}],"author":[{"embeddable":true,"href":"https:\/\/www.maisbn.com\/portal\/wp-json\/wp\/v2\/users\/7"}],"replies":[{"embeddable":true,"href":"https:\/\/www.maisbn.com\/portal\/wp-json\/wp\/v2\/comments?post=11833"}],"version-history":[{"count":2,"href":"https:\/\/www.maisbn.com\/portal\/wp-json\/wp\/v2\/posts\/11833\/revisions"}],"predecessor-version":[{"id":11837,"href":"https:\/\/www.maisbn.com\/portal\/wp-json\/wp\/v2\/posts\/11833\/revisions\/11837"}],"wp:featuredmedia":[{"embeddable":true,"href":"https:\/\/www.maisbn.com\/portal\/wp-json\/wp\/v2\/media\/11834"}],"wp:attachment":[{"href":"https:\/\/www.maisbn.com\/portal\/wp-json\/wp\/v2\/media?parent=11833"}],"wp:term":[{"taxonomy":"category","embeddable":true,"href":"https:\/\/www.maisbn.com\/portal\/wp-json\/wp\/v2\/categories?post=11833"},{"taxonomy":"post_tag","embeddable":true,"href":"https:\/\/www.maisbn.com\/portal\/wp-json\/wp\/v2\/tags?post=11833"}],"curies":[{"name":"wp","href":"https:\/\/api.w.org\/{rel}","templated":true}]}}