{"id":11823,"date":"2016-07-28T22:30:04","date_gmt":"2016-07-29T01:30:04","guid":{"rendered":"http:\/\/www.maisbn.com\/portal\/?p=11823"},"modified":"2016-07-28T22:30:04","modified_gmt":"2016-07-29T01:30:04","slug":"albervan-sera-o-vice-prefeito-que-compora-a-chapa-da-pre-candidata-alice-britto","status":"publish","type":"post","link":"https:\/\/www.maisbn.com\/portal\/2016\/07\/albervan-sera-o-vice-prefeito-que-compora-a-chapa-da-pre-candidata-alice-britto\/","title":{"rendered":"Albervan ser\u00e1 o vice-prefeito que compor\u00e1 a chapa da pr\u00e9-candidata Alice Britto."},"content":{"rendered":"<p><a href=\"http:\/\/www.maisbn.com\/portal\/wp-content\/uploads\/2016\/07\/albervan03.jpg\"><img loading=\"lazy\" decoding=\"async\" class=\"aligncenter size-full wp-image-11826\" src=\"http:\/\/www.maisbn.com\/portal\/wp-content\/uploads\/2016\/07\/albervan03.jpg\" alt=\"albervan03\" width=\"720\" height=\"407\" \/><\/a><\/p>\n<p><span style=\"color: #000000;\">Mais uma pe\u00e7a foi mexida no tabuleiro pol\u00edtico belmontense. Estamos falando da reuni\u00e3o de pr\u00e9-candidatos e correligion\u00e1rios do PSB-40 e partidos coligados realizada em Barrol\u00e2ndia na noite dessa quinta-feira (28\/07).<\/span><\/p>\n<p><span style=\"color: #000000;\"><a style=\"color: #000000;\" href=\"http:\/\/www.maisbn.com\/portal\/wp-content\/uploads\/2016\/07\/albervan_vice.jpg\"><img loading=\"lazy\" decoding=\"async\" class=\"aligncenter size-full wp-image-11824\" src=\"http:\/\/www.maisbn.com\/portal\/wp-content\/uploads\/2016\/07\/albervan_vice.jpg\" alt=\"albervan_vice\" width=\"640\" height=\"360\" \/><\/a><\/span><\/p>\n<p><span style=\"color: #000000;\">Um grande n\u00famero de simpatizantes \u00e0 pr\u00e9-candidatura da Prefeita Alice Britto esteve presente na reuni\u00e3o onde foi anunciado o nome do ex-secret\u00e1rio de A\u00e7\u00e3o Social Albervan Nunes como pr\u00e9-candidato a vice-prefeito do grupo pol\u00edtico da gestora. <\/span><\/p>\n<p><a href=\"http:\/\/www.maisbn.com\/portal\/wp-content\/uploads\/2016\/07\/albervan-vice.jpg\"><img loading=\"lazy\" decoding=\"async\" class=\"aligncenter size-full wp-image-11825\" src=\"http:\/\/www.maisbn.com\/portal\/wp-content\/uploads\/2016\/07\/albervan-vice.jpg\" alt=\"albervan-vice\" width=\"640\" height=\"360\" \/><\/a><\/p>\n<p><span style=\"color: #000000;\">Albervan \u00e9 um nome de consenso dentro do grupo pol\u00edtico que d\u00e1 sustenta\u00e7\u00e3o \u00e0 atual gestora de Belmonte e \u00e9 reconhecido na cidade por ter uma conduta respeitosa. Logo mais daremos mais detalhes do desenrolar dos acontecimentos e da repercuss\u00e3o causada pelo an\u00fancio de mais uma pe\u00e7a importante no tabuleiro pol\u00edtico belmontense.<\/span><\/p>\n","protected":false},"excerpt":{"rendered":"<p>Mais uma pe\u00e7a foi mexida no tabuleiro pol\u00edtico belmontense. Estamos falando da reuni\u00e3o de pr\u00e9-candidatos e correligion\u00e1rios do PSB-40 e partidos coligados realizada em Barrol\u00e2ndia na noite dessa quinta-feira (28\/07). Um grande n\u00famero de simpatizantes \u00e0 pr\u00e9-candidatura da Prefeita Alice Britto esteve presente na reuni\u00e3o onde foi anunciado o nome do ex-secret\u00e1rio de A\u00e7\u00e3o Social [&hellip;]<\/p>\n","protected":false},"author":7,"featured_media":11826,"comment_status":"open","ping_status":"open","sticky":false,"template":"","format":"standard","meta":{"footnotes":""},"categories":[1,7],"tags":[108],"class_list":["post-11823","post","type-post","status-publish","format-standard","has-post-thumbnail","hentry","category-noticias","category-politica","tag-belmonte"],"_links":{"self":[{"href":"https:\/\/www.maisbn.com\/portal\/wp-json\/wp\/v2\/posts\/11823","targetHints":{"allow":["GET"]}}],"collection":[{"href":"https:\/\/www.maisbn.com\/portal\/wp-json\/wp\/v2\/posts"}],"about":[{"href":"https:\/\/www.maisbn.com\/portal\/wp-json\/wp\/v2\/types\/post"}],"author":[{"embeddable":true,"href":"https:\/\/www.maisbn.com\/portal\/wp-json\/wp\/v2\/users\/7"}],"replies":[{"embeddable":true,"href":"https:\/\/www.maisbn.com\/portal\/wp-json\/wp\/v2\/comments?post=11823"}],"version-history":[{"count":1,"href":"https:\/\/www.maisbn.com\/portal\/wp-json\/wp\/v2\/posts\/11823\/revisions"}],"predecessor-version":[{"id":11827,"href":"https:\/\/www.maisbn.com\/portal\/wp-json\/wp\/v2\/posts\/11823\/revisions\/11827"}],"wp:featuredmedia":[{"embeddable":true,"href":"https:\/\/www.maisbn.com\/portal\/wp-json\/wp\/v2\/media\/11826"}],"wp:attachment":[{"href":"https:\/\/www.maisbn.com\/portal\/wp-json\/wp\/v2\/media?parent=11823"}],"wp:term":[{"taxonomy":"category","embeddable":true,"href":"https:\/\/www.maisbn.com\/portal\/wp-json\/wp\/v2\/categories?post=11823"},{"taxonomy":"post_tag","embeddable":true,"href":"https:\/\/www.maisbn.com\/portal\/wp-json\/wp\/v2\/tags?post=11823"}],"curies":[{"name":"wp","href":"https:\/\/api.w.org\/{rel}","templated":true}]}}