{"id":11819,"date":"2016-07-27T09:52:35","date_gmt":"2016-07-27T12:52:35","guid":{"rendered":"http:\/\/www.maisbn.com\/portal\/?p=11819"},"modified":"2016-07-27T09:52:36","modified_gmt":"2016-07-27T12:52:36","slug":"profissionais-de-saude-passam-por-treinamento-de-atualizacao-do-calendario-vacinal-em-belmonte","status":"publish","type":"post","link":"https:\/\/www.maisbn.com\/portal\/2016\/07\/profissionais-de-saude-passam-por-treinamento-de-atualizacao-do-calendario-vacinal-em-belmonte\/","title":{"rendered":"Profissionais de sa\u00fade passam por treinamento de atualiza\u00e7ao do Calend\u00e1rio Vacinal em Belmonte."},"content":{"rendered":"<p><span style=\"color: #000000;\">A Secretaria Municipal de Sa\u00fade realizou no dia\u00a0 20\/07\u00a0 um treinamento com os Agentes Comunit\u00e1rios, Vacinadoras e Enfermeiros com o objetivo de passar novos procedimentos que ser\u00e3o usados na Atualiza\u00e7\u00e3o do Calend\u00e1rio Vacinal. Os ministradores do treinamento foram Nelma e Bel, profissionais da Vigil\u00e2ncia Epidemiol\u00f3gica Regional, antiga 8\u00aa DIRES.<\/span><\/p>\n<p><span style=\"color: #000000;\"><a style=\"color: #000000;\" href=\"http:\/\/www.belmonte.ba.gov.br\/oficial\/wp-content\/uploads\/2016\/07\/treinamento_vacinacao00007.jpg\"><img loading=\"lazy\" decoding=\"async\" class=\"aligncenter size-full wp-image-1740\" src=\"http:\/\/www.belmonte.ba.gov.br\/oficial\/wp-content\/uploads\/2016\/07\/treinamento_vacinacao00007.jpg\" alt=\"treinamento_vacinacao00007\" width=\"650\" height=\"412\" \/><\/a><\/span><\/p>\n<p><span style=\"color: #000000;\">O treinamento aconteceu na Sede da C\u00e2mara Municipal de Vereadores de Belmonte das 09 \u00e0s 12hrs onde foi apresentado o novo calend\u00e1rio de vacinas contendo informa\u00e7\u00f5es das doses e das idades do p\u00fablico a ser vacinado.<\/span><\/p>\n<p><span style=\"color: #000000;\"><a style=\"color: #000000;\" href=\"http:\/\/www.belmonte.ba.gov.br\/oficial\/wp-content\/uploads\/2016\/07\/treinamento_vacinacao00006.jpg\"><img loading=\"lazy\" decoding=\"async\" class=\"aligncenter size-full wp-image-1741\" src=\"http:\/\/www.belmonte.ba.gov.br\/oficial\/wp-content\/uploads\/2016\/07\/treinamento_vacinacao00006.jpg\" alt=\"treinamento_vacinacao00006\" width=\"650\" height=\"412\" \/><\/a><\/span><\/p>\n<p><span style=\"color: #000000;\">A Enfermeira Margareth, uma das respons\u00e1veis pela organiza\u00e7\u00e3o do evento, informou que essa atualiza\u00e7\u00e3o vinha sendo cobrada pelos Agentes Comunit\u00e1rios que tinham quatro anos que n\u00e3o passavam por esse treinamento de atualiza\u00e7\u00e3o dos procedimentos ligados \u00e0 vacina\u00e7\u00e3o. \u201cOs procedimentos mudam constantemente e todo ano temos novidades para algumas vacinas, no calend\u00e1rio vacinal, no per\u00edodo das doses, entre outras v\u00e1rias situa\u00e7\u00f5es.\u201d<\/span><\/p>\n<p><span style=\"color: #000000;\"><a style=\"color: #000000;\" href=\"http:\/\/www.belmonte.ba.gov.br\/oficial\/wp-content\/uploads\/2016\/07\/treinamento_vacinacao00008.jpg\"><img loading=\"lazy\" decoding=\"async\" class=\"aligncenter size-full wp-image-1742\" src=\"http:\/\/www.belmonte.ba.gov.br\/oficial\/wp-content\/uploads\/2016\/07\/treinamento_vacinacao00008.jpg\" alt=\"treinamento_vacinacao00008\" width=\"650\" height=\"412\" \/><\/a><\/span><\/p>\n<p><span style=\"color: #000000;\">Margareth ainda comentou que esse treinamento \u00e9 muito importante para os Agentes Comunit\u00e1rios, j\u00e1 que, s\u00e3o eles que est\u00e3o em contato direto com o p\u00fablico e tem o cart\u00e3o-espelho das crian\u00e7as. \u201cAs pessoas que passam no Posto de Sa\u00fade eles tem que ter a informa\u00e7\u00e3o de qual crian\u00e7a ou idoso est\u00e1 vacinado se a vacina\u00e7\u00e3o est\u00e1 completa, como est\u00e1 sendo o procedimento com as gestantes para que o Agente possa avisar. Muita coisa mudou no Calend\u00e1rio de Vacinas esse ano e conseguimos trazer uma equipe respons\u00e1vel pela vacina\u00e7\u00e3o da Regional para passar pra os nossos profissionais essas atualiza\u00e7\u00f5es.\u201d \u2013 Completou Margareth.<\/span><\/p>\n","protected":false},"excerpt":{"rendered":"<p>A Secretaria Municipal de Sa\u00fade realizou no dia\u00a0 20\/07\u00a0 um treinamento com os Agentes Comunit\u00e1rios, Vacinadoras e Enfermeiros com o objetivo de passar novos procedimentos que ser\u00e3o usados na Atualiza\u00e7\u00e3o do Calend\u00e1rio Vacinal. Os ministradores do treinamento foram Nelma e Bel, profissionais da Vigil\u00e2ncia Epidemiol\u00f3gica Regional, antiga 8\u00aa DIRES. O treinamento aconteceu na Sede da [&hellip;]<\/p>\n","protected":false},"author":7,"featured_media":11820,"comment_status":"open","ping_status":"open","sticky":false,"template":"","format":"standard","meta":{"footnotes":""},"categories":[1,28],"tags":[108],"class_list":["post-11819","post","type-post","status-publish","format-standard","has-post-thumbnail","hentry","category-noticias","category-saude-noticias","tag-belmonte"],"_links":{"self":[{"href":"https:\/\/www.maisbn.com\/portal\/wp-json\/wp\/v2\/posts\/11819","targetHints":{"allow":["GET"]}}],"collection":[{"href":"https:\/\/www.maisbn.com\/portal\/wp-json\/wp\/v2\/posts"}],"about":[{"href":"https:\/\/www.maisbn.com\/portal\/wp-json\/wp\/v2\/types\/post"}],"author":[{"embeddable":true,"href":"https:\/\/www.maisbn.com\/portal\/wp-json\/wp\/v2\/users\/7"}],"replies":[{"embeddable":true,"href":"https:\/\/www.maisbn.com\/portal\/wp-json\/wp\/v2\/comments?post=11819"}],"version-history":[{"count":1,"href":"https:\/\/www.maisbn.com\/portal\/wp-json\/wp\/v2\/posts\/11819\/revisions"}],"predecessor-version":[{"id":11821,"href":"https:\/\/www.maisbn.com\/portal\/wp-json\/wp\/v2\/posts\/11819\/revisions\/11821"}],"wp:featuredmedia":[{"embeddable":true,"href":"https:\/\/www.maisbn.com\/portal\/wp-json\/wp\/v2\/media\/11820"}],"wp:attachment":[{"href":"https:\/\/www.maisbn.com\/portal\/wp-json\/wp\/v2\/media?parent=11819"}],"wp:term":[{"taxonomy":"category","embeddable":true,"href":"https:\/\/www.maisbn.com\/portal\/wp-json\/wp\/v2\/categories?post=11819"},{"taxonomy":"post_tag","embeddable":true,"href":"https:\/\/www.maisbn.com\/portal\/wp-json\/wp\/v2\/tags?post=11819"}],"curies":[{"name":"wp","href":"https:\/\/api.w.org\/{rel}","templated":true}]}}