{"id":11788,"date":"2016-07-26T09:44:50","date_gmt":"2016-07-26T12:44:50","guid":{"rendered":"http:\/\/www.maisbn.com\/portal\/?p=11788"},"modified":"2016-07-26T09:44:50","modified_gmt":"2016-07-26T12:44:50","slug":"pre-ba-investigara-liminares-que-dao-direito-a-pre-candidatos-inelegiveis-participar-das-eleicoes-2016","status":"publish","type":"post","link":"https:\/\/www.maisbn.com\/portal\/2016\/07\/pre-ba-investigara-liminares-que-dao-direito-a-pre-candidatos-inelegiveis-participar-das-eleicoes-2016\/","title":{"rendered":"PRE-BA investigar\u00e1 liminares que d\u00e3o direito a pr\u00e9-candidatos ineleg\u00edveis participar das elei\u00e7\u00f5es 2016."},"content":{"rendered":"<p><a href=\"http:\/\/www.maisbn.com\/portal\/wp-content\/uploads\/2016\/07\/ficha-suja-pre.jpg\"><img loading=\"lazy\" decoding=\"async\" class=\"aligncenter size-full wp-image-11789\" src=\"http:\/\/www.maisbn.com\/portal\/wp-content\/uploads\/2016\/07\/ficha-suja-pre.jpg\" alt=\"ficha-suja-pre\" width=\"650\" height=\"295\" \/><\/a><\/p>\n<p><span style=\"color: #000000;\">A Procuradoria Regional Eleitoral na Bahia (PRE\/BA) instaurou, na \u00faltima sexta-feira (22) procedimento administrativo para identificar as concess\u00f5es de liminares pela Justi\u00e7a que suspendem os efeitos de rejei\u00e7\u00f5es de contas dos gestores p\u00fablicos declaradas pelas C\u00e2maras de Vereadores, Tribunal de Contas do Estado e Tribunal de Contas dos Munic\u00edpios.<\/span><\/p>\n<p><span style=\"color: #000000;\">O objetivo \u00e9 conhecer e acompanhar as decis\u00f5es do Judici\u00e1rio que tornem candidatos \u201cfichas sujas\u201d aptos a concorrer \u00e0s pr\u00f3ximas elei\u00e7\u00f5es municipais, ainda que temporariamente. A medida dificultaria a ocorr\u00eancia da causa de inelegibilidade prevista no art. 1\u00ba, inciso I, letra \u201cg\u201d, da Lei da Ficha Limpa, dispositivo que impede, por oito anos, a participa\u00e7\u00e3o em elei\u00e7\u00f5es do gestor p\u00fablico que teve contas relativas ao exerc\u00edcio de cargos ou fun\u00e7\u00f5es p\u00fablicas rejeitadas. O objetivo \u00e9 apurar se os gestores com contas rejeitadas est\u00e3o usando esse artif\u00edcio para poderem se safar dos efeitos da citada lei.<br \/>\n<\/span><\/p>\n<p><span style=\"color: #000000;\">Os Tribunais de Contas do Estado, do Munic\u00edpio e da Uni\u00e3o foram oficiados pelo procurador Regional Eleitoral, Ruy Mello, para que informem as decis\u00f5es judiciais que suspenderam as rejei\u00e7\u00f5es de contas de gestores p\u00fablicos. Tamb\u00e9m foram solicitadas informa\u00e7\u00f5es \u00e0 Procuradoria do Estado e a Advocacia-Geral da Uni\u00e3o sobre as provid\u00eancias adotadas para interposi\u00e7\u00e3o de recurso contra as referidas decis\u00f5es judiciais. Os promotores eleitorais buscar\u00e3o informa\u00e7\u00f5es junto \u00e0s c\u00e2maras municipais.<\/span><\/p>\n<p><span style=\"color: #000000;\">Segundo Mello, as decis\u00f5es liminares, por se basearem em fundamentos de ordem cautelar ou de urg\u00eancia, podem ser cassadas por decis\u00e3o do Tribunal competente, sendo fundamental acompanhar o andamento dos processos judiciais para atua\u00e7\u00e3o dos Promotores Eleitorais ainda durante a fase de registro de candidatura ou para ajuizamento do recurso contra a expedi\u00e7\u00e3o do diploma, ao final do processo eleitoral.<\/span><\/p>\n","protected":false},"excerpt":{"rendered":"<p>A Procuradoria Regional Eleitoral na Bahia (PRE\/BA) instaurou, na \u00faltima sexta-feira (22) procedimento administrativo para identificar as concess\u00f5es de liminares pela Justi\u00e7a que suspendem os efeitos de rejei\u00e7\u00f5es de contas dos gestores p\u00fablicos declaradas pelas C\u00e2maras de Vereadores, Tribunal de Contas do Estado e Tribunal de Contas dos Munic\u00edpios. O objetivo \u00e9 conhecer e acompanhar [&hellip;]<\/p>\n","protected":false},"author":7,"featured_media":11789,"comment_status":"open","ping_status":"open","sticky":false,"template":"","format":"standard","meta":{"footnotes":""},"categories":[1,7],"tags":[108],"class_list":["post-11788","post","type-post","status-publish","format-standard","has-post-thumbnail","hentry","category-noticias","category-politica","tag-belmonte"],"_links":{"self":[{"href":"https:\/\/www.maisbn.com\/portal\/wp-json\/wp\/v2\/posts\/11788","targetHints":{"allow":["GET"]}}],"collection":[{"href":"https:\/\/www.maisbn.com\/portal\/wp-json\/wp\/v2\/posts"}],"about":[{"href":"https:\/\/www.maisbn.com\/portal\/wp-json\/wp\/v2\/types\/post"}],"author":[{"embeddable":true,"href":"https:\/\/www.maisbn.com\/portal\/wp-json\/wp\/v2\/users\/7"}],"replies":[{"embeddable":true,"href":"https:\/\/www.maisbn.com\/portal\/wp-json\/wp\/v2\/comments?post=11788"}],"version-history":[{"count":1,"href":"https:\/\/www.maisbn.com\/portal\/wp-json\/wp\/v2\/posts\/11788\/revisions"}],"predecessor-version":[{"id":11790,"href":"https:\/\/www.maisbn.com\/portal\/wp-json\/wp\/v2\/posts\/11788\/revisions\/11790"}],"wp:featuredmedia":[{"embeddable":true,"href":"https:\/\/www.maisbn.com\/portal\/wp-json\/wp\/v2\/media\/11789"}],"wp:attachment":[{"href":"https:\/\/www.maisbn.com\/portal\/wp-json\/wp\/v2\/media?parent=11788"}],"wp:term":[{"taxonomy":"category","embeddable":true,"href":"https:\/\/www.maisbn.com\/portal\/wp-json\/wp\/v2\/categories?post=11788"},{"taxonomy":"post_tag","embeddable":true,"href":"https:\/\/www.maisbn.com\/portal\/wp-json\/wp\/v2\/tags?post=11788"}],"curies":[{"name":"wp","href":"https:\/\/api.w.org\/{rel}","templated":true}]}}