{"id":11764,"date":"2016-07-25T20:58:43","date_gmt":"2016-07-25T23:58:43","guid":{"rendered":"http:\/\/www.maisbn.com\/portal\/?p=11764"},"modified":"2016-07-25T20:58:43","modified_gmt":"2016-07-25T23:58:43","slug":"grande-evento-marca-o-lancamento-da-pre-candidatura-do-professor-rogerio-bahia","status":"publish","type":"post","link":"https:\/\/www.maisbn.com\/portal\/2016\/07\/grande-evento-marca-o-lancamento-da-pre-candidatura-do-professor-rogerio-bahia\/","title":{"rendered":"Grande evento marca o lan\u00e7amento da pr\u00e9-candidatura do Professor Rog\u00e9rio Bahia."},"content":{"rendered":"<p><span style=\"color: #000000;\">Aconteceu um grande evento na sede da Lyra Popular de Belmonte nesse domingo (24\/07) que contou com a presen\u00e7a de v\u00e1rias lideran\u00e7as belmontenses e de cidades vizinhas. Estamos falando do lan\u00e7amento da pr\u00e9-candidatura a vereador do vocalista e professor Rog\u00e9rio Bahia.<\/span><\/p>\n<p><a href=\"http:\/\/www.maisbn.com\/portal\/wp-content\/uploads\/2016\/07\/rogeriobahial00086.jpg\"><img loading=\"lazy\" decoding=\"async\" class=\"aligncenter size-full wp-image-11767\" src=\"http:\/\/www.maisbn.com\/portal\/wp-content\/uploads\/2016\/07\/rogeriobahial00086.jpg\" alt=\"rogeriobahial00086\" width=\"650\" height=\"412\" \/><\/a><\/p>\n<p><span style=\"color: #000000;\">O evento foi prestigiado com a presen\u00e7a da coordenadora licenciada da APLB e pr\u00e9-candidata a Vereadora no munic\u00edpio de Eun\u00e1polis, A Sra. Jovita Lima, da Vice-presidente licenciada da entidade e tamb\u00e9m pr\u00e9-candidata a Vereadora no Munic\u00edpio de Santa Cruz Cabr\u00e1lia, Sra. Grazi, do presidente do PT de Itabela e pr\u00e9-candidato a vereador, Valtinho, <\/span><span style=\"color: #000000;\">os empres\u00e1rios Joaquim Silveira e Rosangelo Andrade (Balanguinho). Tamb\u00e9m estiveram presentes o coordenador geral licenciado do SINDACS, Tobias Albino, a Sra. Gilvanice Felix, representando a comunidade cat\u00f3lica, o presidente do PCdoB de Belmonte, Sr. Rodrigo Martins, o pr\u00e9-candidato \u00e0 Prefeitura de Belmonte Janival Andrade e o Deputado Estadual J\u00e2nio Natal.<\/span><\/p>\n<p><a href=\"http:\/\/www.maisbn.com\/portal\/wp-content\/uploads\/2016\/07\/mosaico_rogerio.jpg\"><img loading=\"lazy\" decoding=\"async\" class=\"aligncenter wp-image-11769 size-full\" src=\"http:\/\/www.maisbn.com\/portal\/wp-content\/uploads\/2016\/07\/mosaico_rogerio.jpg\" alt=\"\" width=\"700\" height=\"450\" \/><\/a><\/p>\n<p><span style=\"color: #000000;\">Todas essas lideran\u00e7as declararam apoio, felicitaram a pr\u00e9-candidatura de Rog\u00e9rio Bahia e revelaram que o mesmo representa novos ares para a pol\u00edtica belmontense. Rog\u00e9rio ainda recebeu diversos amigos, apoiadores e pessoas da comunidade. O mesmo ainda comentou com nossa reportagem que est\u00e1 lutando para merecer o voto de confian\u00e7a dos belmontenses. Ele colocou que tem muitos projetos direcionados \u00e0 valoriza\u00e7\u00e3o da comunidade e que t\u00eam conversado com cada pessoa para apresentar os seus planos de governo.<\/span><\/p>\n","protected":false},"excerpt":{"rendered":"<p>Aconteceu um grande evento na sede da Lyra Popular de Belmonte nesse domingo (24\/07) que contou com a presen\u00e7a de v\u00e1rias lideran\u00e7as belmontenses e de cidades vizinhas. Estamos falando do lan\u00e7amento da pr\u00e9-candidatura a vereador do vocalista e professor Rog\u00e9rio Bahia. O evento foi prestigiado com a presen\u00e7a da coordenadora licenciada da APLB e pr\u00e9-candidata [&hellip;]<\/p>\n","protected":false},"author":7,"featured_media":11767,"comment_status":"open","ping_status":"open","sticky":false,"template":"","format":"standard","meta":{"footnotes":""},"categories":[1,7],"tags":[108],"class_list":["post-11764","post","type-post","status-publish","format-standard","has-post-thumbnail","hentry","category-noticias","category-politica","tag-belmonte"],"_links":{"self":[{"href":"https:\/\/www.maisbn.com\/portal\/wp-json\/wp\/v2\/posts\/11764","targetHints":{"allow":["GET"]}}],"collection":[{"href":"https:\/\/www.maisbn.com\/portal\/wp-json\/wp\/v2\/posts"}],"about":[{"href":"https:\/\/www.maisbn.com\/portal\/wp-json\/wp\/v2\/types\/post"}],"author":[{"embeddable":true,"href":"https:\/\/www.maisbn.com\/portal\/wp-json\/wp\/v2\/users\/7"}],"replies":[{"embeddable":true,"href":"https:\/\/www.maisbn.com\/portal\/wp-json\/wp\/v2\/comments?post=11764"}],"version-history":[{"count":3,"href":"https:\/\/www.maisbn.com\/portal\/wp-json\/wp\/v2\/posts\/11764\/revisions"}],"predecessor-version":[{"id":11770,"href":"https:\/\/www.maisbn.com\/portal\/wp-json\/wp\/v2\/posts\/11764\/revisions\/11770"}],"wp:featuredmedia":[{"embeddable":true,"href":"https:\/\/www.maisbn.com\/portal\/wp-json\/wp\/v2\/media\/11767"}],"wp:attachment":[{"href":"https:\/\/www.maisbn.com\/portal\/wp-json\/wp\/v2\/media?parent=11764"}],"wp:term":[{"taxonomy":"category","embeddable":true,"href":"https:\/\/www.maisbn.com\/portal\/wp-json\/wp\/v2\/categories?post=11764"},{"taxonomy":"post_tag","embeddable":true,"href":"https:\/\/www.maisbn.com\/portal\/wp-json\/wp\/v2\/tags?post=11764"}],"curies":[{"name":"wp","href":"https:\/\/api.w.org\/{rel}","templated":true}]}}