{"id":11762,"date":"2016-07-25T14:23:19","date_gmt":"2016-07-25T17:23:19","guid":{"rendered":"http:\/\/www.maisbn.com\/portal\/?p=11762"},"modified":"2016-07-25T14:23:19","modified_gmt":"2016-07-25T17:23:19","slug":"reuniao-que-anunciara-os-candidatos-a-prefeito-e-vice-do-ptn-19-foi-adiada-para-sexta-feira-2907","status":"publish","type":"post","link":"https:\/\/www.maisbn.com\/portal\/2016\/07\/reuniao-que-anunciara-os-candidatos-a-prefeito-e-vice-do-ptn-19-foi-adiada-para-sexta-feira-2907\/","title":{"rendered":"Reuni\u00e3o que anunciar\u00e1 os candidatos a prefeito e vice do PTN-19 foi adiada para sexta-feira (29\/07)."},"content":{"rendered":"<p><a href=\"http:\/\/www.maisbn.com\/portal\/wp-content\/uploads\/2016\/07\/janionatal_janival.jpg\"><img loading=\"lazy\" decoding=\"async\" class=\"aligncenter size-full wp-image-11687\" src=\"http:\/\/www.maisbn.com\/portal\/wp-content\/uploads\/2016\/07\/janionatal_janival.jpg\" alt=\"janionatal_janival\" width=\"440\" height=\"380\" \/><\/a><\/p>\n<p><span style=\"color: #000000;\">O pr\u00e9-candidato Janival Andrade e o Deputado Estadual J\u00e2nio Natal anunciaram na manh\u00e3 dessa segunda-feira (25\/07) que a data da reuni\u00e3o que anunciar\u00e1 os candidatos a prefeito e vice do PTN-19 e partidos coligados foi adiada para a pr\u00f3xima sexta-feira (29\/07).<\/span><\/p>\n<p><span style=\"color: #000000;\">A reuni\u00e3o acontecer\u00e1 em Barrol\u00e2ndia no Bar do Dinei \u00e0s 19:00Hrs. Segundo Janival, o motivo da mudan\u00e7a da data foi que surgiram possibilidades de mais pessoas aderirem ao projeto da sua futura candidatura. O pr\u00e9-candidato ainda informou que tamb\u00e9m se espera novos dados para se desenhar o plano pol\u00edtico que ser\u00e1 seguido a partir das conven\u00e7\u00f5es. Nossa reportagem ainda insistiu para ver se consegu\u00edamos mais informa\u00e7\u00f5es, mas Janival n\u00e3o quis comentar detalhes apenas assegurou que seu grupo segue forte e que o mesmo acredita numa campanha vitoriosa.<\/span><\/p>\n","protected":false},"excerpt":{"rendered":"<p>O pr\u00e9-candidato Janival Andrade e o Deputado Estadual J\u00e2nio Natal anunciaram na manh\u00e3 dessa segunda-feira (25\/07) que a data da reuni\u00e3o que anunciar\u00e1 os candidatos a prefeito e vice do PTN-19 e partidos coligados foi adiada para a pr\u00f3xima sexta-feira (29\/07). A reuni\u00e3o acontecer\u00e1 em Barrol\u00e2ndia no Bar do Dinei \u00e0s 19:00Hrs. Segundo Janival, o [&hellip;]<\/p>\n","protected":false},"author":7,"featured_media":11687,"comment_status":"open","ping_status":"open","sticky":false,"template":"","format":"standard","meta":{"footnotes":""},"categories":[1,7],"tags":[108],"class_list":["post-11762","post","type-post","status-publish","format-standard","has-post-thumbnail","hentry","category-noticias","category-politica","tag-belmonte"],"_links":{"self":[{"href":"https:\/\/www.maisbn.com\/portal\/wp-json\/wp\/v2\/posts\/11762","targetHints":{"allow":["GET"]}}],"collection":[{"href":"https:\/\/www.maisbn.com\/portal\/wp-json\/wp\/v2\/posts"}],"about":[{"href":"https:\/\/www.maisbn.com\/portal\/wp-json\/wp\/v2\/types\/post"}],"author":[{"embeddable":true,"href":"https:\/\/www.maisbn.com\/portal\/wp-json\/wp\/v2\/users\/7"}],"replies":[{"embeddable":true,"href":"https:\/\/www.maisbn.com\/portal\/wp-json\/wp\/v2\/comments?post=11762"}],"version-history":[{"count":1,"href":"https:\/\/www.maisbn.com\/portal\/wp-json\/wp\/v2\/posts\/11762\/revisions"}],"predecessor-version":[{"id":11763,"href":"https:\/\/www.maisbn.com\/portal\/wp-json\/wp\/v2\/posts\/11762\/revisions\/11763"}],"wp:featuredmedia":[{"embeddable":true,"href":"https:\/\/www.maisbn.com\/portal\/wp-json\/wp\/v2\/media\/11687"}],"wp:attachment":[{"href":"https:\/\/www.maisbn.com\/portal\/wp-json\/wp\/v2\/media?parent=11762"}],"wp:term":[{"taxonomy":"category","embeddable":true,"href":"https:\/\/www.maisbn.com\/portal\/wp-json\/wp\/v2\/categories?post=11762"},{"taxonomy":"post_tag","embeddable":true,"href":"https:\/\/www.maisbn.com\/portal\/wp-json\/wp\/v2\/tags?post=11762"}],"curies":[{"name":"wp","href":"https:\/\/api.w.org\/{rel}","templated":true}]}}