{"id":11747,"date":"2016-07-25T09:20:55","date_gmt":"2016-07-25T12:20:55","guid":{"rendered":"http:\/\/www.maisbn.com\/portal\/?p=11747"},"modified":"2016-07-25T09:27:42","modified_gmt":"2016-07-25T12:27:42","slug":"tres-atletas-belmontenses-brilham-no-campeonato-brasileiro-de-jiu-jitsu-x-combate","status":"publish","type":"post","link":"https:\/\/www.maisbn.com\/portal\/2016\/07\/tres-atletas-belmontenses-brilham-no-campeonato-brasileiro-de-jiu-jitsu-x-combate\/","title":{"rendered":"Tr\u00eas atletas belmontenses brilham no Campeonato Brasileiro de Jiu-j\u00edtsu X-Combate."},"content":{"rendered":"<p><span style=\"color: #000000;\">O Jiu-j\u00edtsu belmontense brilhou mais uma vez na tarde do dia 23\/07 e agora temos um Campe\u00e3o Brasileiro X-Combat de Jiu-j\u00edtsu e Submission, na categoria Juvenil Azul Pluma com e sem Kimono. Estamos falando do atleta revela\u00e7\u00e3o Tarc\u00edsio Gomes, que est\u00e1 em seu 12\u00ba t\u00edtulo e diz que isso tudo \u00e9 s\u00f3 o come\u00e7o. O atleta j\u00e1 disputou 13 competi\u00e7\u00f5es e em apenas uma n\u00e3o se classificou de forma satisfat\u00f3ria.<\/span><\/p>\n<dl id=\"attachment_11749\" class=\"wp-caption aligncenter\" style=\"width: 710px;\">\n<dt class=\"wp-caption-dt\"><a href=\"http:\/\/www.maisbn.com\/portal\/wp-content\/uploads\/2016\/07\/tarcio_campeaobrasileiro.jpg\"><img loading=\"lazy\" decoding=\"async\" class=\"wp-image-11749 size-full\" src=\"http:\/\/www.maisbn.com\/portal\/wp-content\/uploads\/2016\/07\/tarcio_campeaobrasileiro.jpg\" alt=\"tarcio_campeaobrasileiro\" width=\"700\" height=\"525\" \/><\/a><\/dt>\n<dd class=\"wp-caption-dd\">Tarc\u00edsio Gomes. Campe\u00e3o Brasileiro.<\/dd>\n<\/dl>\n<p><span style=\"color: #000000;\">A competi\u00e7\u00e3o foi realizada em Vit\u00f3ria, capital do estado do Esp\u00edrito Santo, no Gin\u00e1sio Tancred\u00e3o, pela Confedera\u00e7\u00e3o Brasileira de Lutas Profissionais e reuniu atletas de todas as partes do Brasil. Tarc\u00edsio conversou com nossa equipe, comentou que todos eram atletas de alta performance e que as lutas tiveram um alto grau t\u00e9cnico e de dificuldade. &#8220;Eu lutei a final com o atleta da Academia Gracie Garra e enfrentei uma luta muito dif\u00edcil devido ao alto grau de habilidade do meu oponente, mas estive focado a todo instante. Eu lutei e treinei muito para esse momento. Entrei para buscar o t\u00edtulo e, gra\u00e7as a Deus, consegui.&#8221; &#8211; Comentou Tarc\u00edsio.<\/span><\/p>\n<p><span style=\"color: #000000;\">O atleta agora busca apoio para participar e representar Belmonte e Barrol\u00e2ndia no Campeonato Norte e Nordeste que ser\u00e1 realizado em Salvador. &#8220;Eu pe\u00e7o \u00e0s pessoas e empres\u00e1rios uma ajuda para levar o nosso Jiu-j\u00edtsu para todo o Brasil. J\u00e1 provamos que temos potencial pelos nossos resultados e agora precisamos de apoio para continuar com esse lindo trabalho.&#8221; &#8211; Comentou Tarc\u00edsio.<\/span><\/p>\n<p><a href=\"http:\/\/www.maisbn.com\/portal\/wp-content\/uploads\/2016\/07\/tarcisio_equipe.jpg\"><img loading=\"lazy\" decoding=\"async\" class=\"aligncenter size-full wp-image-11750\" src=\"http:\/\/www.maisbn.com\/portal\/wp-content\/uploads\/2016\/07\/tarcisio_equipe.jpg\" alt=\"tarcisio_equipe\" width=\"700\" height=\"630\" \/><\/a><\/p>\n<p><span style=\"color: #000000;\">Tarc\u00edsio ainda aproveitou para agradecer ao apoio dado por toda a<span class=\"text_exposed_show\"> equipe do Projeto Vencer, o professor Marcos Costa, professor Wadson Silva e a todos os colegas de treino, agradecer tamb\u00e9m ao Posto Rio Mar, TG Bicicletaria, Taty Marinho, Lidice Santos, a Dilson Santos e \u00e0 Prefeitura de Belmonte, atrav\u00e9s da Secretaria Municipal de Esportes.<\/span><\/span><\/p>\n<dl id=\"attachment_11751\" class=\"wp-caption aligncenter\" style=\"width: 710px;\">\n<dt class=\"wp-caption-dt\"><a href=\"http:\/\/www.maisbn.com\/portal\/wp-content\/uploads\/2016\/07\/Mosaico_Yuri.jpg\"><img loading=\"lazy\" decoding=\"async\" class=\"wp-image-11751 size-full\" src=\"http:\/\/www.maisbn.com\/portal\/wp-content\/uploads\/2016\/07\/Mosaico_Yuri.jpg\" alt=\"Mosaico_Yuri\" width=\"700\" height=\"235\" \/><\/a><\/dt>\n<dd class=\"wp-caption-dd\">Atleta Yuri Aguiar. Terceiro lugar na categoria Adulto Azul M\u00e9dio<\/dd>\n<\/dl>\n<p><span style=\"color: #000000;\">Outro atleta do Jiu-Jitsu belmontense que tamb\u00e9m brilhou na competi\u00e7\u00e3o foi o lutador Yuri Aguiar que ficou em terceiro lugar na categoria Adulto Azul M\u00e9dio.O atleta comentou com nossa equipe que fez 05 lutas, vencendo 03 por finaliza\u00e7\u00e3o e 01 por pontos e que perdeu na semifinal por um ponto e uma vantagem. &#8220;Eu perdi no Absoluto Faixa Azul. Eu peso 81.300Kg e fui derrotado por um oponente que tinha 156Kg, mas estou animado com a classifica\u00e7\u00e3o e continuarei treinando para me superar e conseguir resultados melhores nas pr\u00f3ximas competi\u00e7\u00f5es.&#8221; &#8211; Comentou Yuri.<\/span><\/p>\n<dl id=\"attachment_11752\" class=\"wp-caption aligncenter\" style=\"width: 549px;\">\n<dt class=\"wp-caption-dt\"><a href=\"http:\/\/www.maisbn.com\/portal\/wp-content\/uploads\/2016\/07\/Adalberto_atleta-2.jpg\"><img loading=\"lazy\" decoding=\"async\" class=\"wp-image-11752\" src=\"http:\/\/www.maisbn.com\/portal\/wp-content\/uploads\/2016\/07\/Adalberto_atleta-2.jpg\" alt=\"Adalberto_atleta (2)\" width=\"539\" height=\"646\" \/><\/a><\/dt>\n<dd class=\"wp-caption-dd\">Adalberto. Primeiro lugar na Categoria Master Branca M\u00e9dio<\/dd>\n<\/dl>\n<p><span style=\"color: #000000;\">Outro belmontense tamb\u00e9m se destacou na competi\u00e7\u00e3o. Estamos falando do atleta Adalberto que se classificou em primeiro lugar na Categoria Master Branca M\u00e9dio. Nossa equipe n\u00e3o conseguiu entrar em contato com o atleta, mas seus colegas confirmaram que o mesmo ficou muito feliz pelo resultado e que agora est\u00e1 focado em superar os seus resultados trazendo mais vit\u00f3rias para o Jiu-j\u00edtsu belmontense.<\/span><\/p>\n<p>&nbsp;<\/p>\n<p>&nbsp;<\/p>\n","protected":false},"excerpt":{"rendered":"<p>O Jiu-j\u00edtsu belmontense brilhou mais uma vez na tarde do dia 23\/07 e agora temos um Campe\u00e3o Brasileiro X-Combat de Jiu-j\u00edtsu e Submission, na categoria Juvenil Azul Pluma com e sem Kimono. Estamos falando do atleta revela\u00e7\u00e3o Tarc\u00edsio Gomes, que est\u00e1 em seu 12\u00ba t\u00edtulo e diz que isso tudo \u00e9 s\u00f3 o come\u00e7o. O [&hellip;]<\/p>\n","protected":false},"author":7,"featured_media":11754,"comment_status":"open","ping_status":"open","sticky":false,"template":"","format":"standard","meta":{"footnotes":""},"categories":[10,1],"tags":[108],"class_list":["post-11747","post","type-post","status-publish","format-standard","has-post-thumbnail","hentry","category-esporte","category-noticias","tag-belmonte"],"_links":{"self":[{"href":"https:\/\/www.maisbn.com\/portal\/wp-json\/wp\/v2\/posts\/11747","targetHints":{"allow":["GET"]}}],"collection":[{"href":"https:\/\/www.maisbn.com\/portal\/wp-json\/wp\/v2\/posts"}],"about":[{"href":"https:\/\/www.maisbn.com\/portal\/wp-json\/wp\/v2\/types\/post"}],"author":[{"embeddable":true,"href":"https:\/\/www.maisbn.com\/portal\/wp-json\/wp\/v2\/users\/7"}],"replies":[{"embeddable":true,"href":"https:\/\/www.maisbn.com\/portal\/wp-json\/wp\/v2\/comments?post=11747"}],"version-history":[{"count":5,"href":"https:\/\/www.maisbn.com\/portal\/wp-json\/wp\/v2\/posts\/11747\/revisions"}],"predecessor-version":[{"id":11757,"href":"https:\/\/www.maisbn.com\/portal\/wp-json\/wp\/v2\/posts\/11747\/revisions\/11757"}],"wp:featuredmedia":[{"embeddable":true,"href":"https:\/\/www.maisbn.com\/portal\/wp-json\/wp\/v2\/media\/11754"}],"wp:attachment":[{"href":"https:\/\/www.maisbn.com\/portal\/wp-json\/wp\/v2\/media?parent=11747"}],"wp:term":[{"taxonomy":"category","embeddable":true,"href":"https:\/\/www.maisbn.com\/portal\/wp-json\/wp\/v2\/categories?post=11747"},{"taxonomy":"post_tag","embeddable":true,"href":"https:\/\/www.maisbn.com\/portal\/wp-json\/wp\/v2\/tags?post=11747"}],"curies":[{"name":"wp","href":"https:\/\/api.w.org\/{rel}","templated":true}]}}