{"id":11739,"date":"2016-07-24T18:42:59","date_gmt":"2016-07-24T21:42:59","guid":{"rendered":"http:\/\/www.maisbn.com\/portal\/?p=11739"},"modified":"2016-07-24T18:46:00","modified_gmt":"2016-07-24T21:46:00","slug":"psb-40-e-partidos-coligados-marcam-convencoes-para-o-proximo-dia-3107","status":"publish","type":"post","link":"https:\/\/www.maisbn.com\/portal\/2016\/07\/psb-40-e-partidos-coligados-marcam-convencoes-para-o-proximo-dia-3107\/","title":{"rendered":"PSB-40 e partidos coligados marcam conven\u00e7\u00f5es para o pr\u00f3ximo dia 31\/07."},"content":{"rendered":"<p><span style=\"color: #000000;\">PSB-40 e partidos coligados divulgam atas de convoca\u00e7\u00e3o da Conven\u00e7\u00e3o Municipal 2016 que acontecer\u00e1 no pr\u00f3ximo dia 31\/07, das 08:00Hrs \u00e0s 17:00Hrs, na sede do Esporte Clube Am\u00e9rica, localizado na Rua D. Pedro II, Sn\u00b0, Bairro Centro. Segue abaixo as atas de convoca\u00e7\u00e3o:<\/span><\/p>\n<p>&nbsp;<\/p>\n<p><a href=\"http:\/\/www.maisbn.com\/portal\/wp-content\/uploads\/2016\/07\/atademepr.jpg\"><img loading=\"lazy\" decoding=\"async\" class=\"aligncenter size-full wp-image-11740\" src=\"http:\/\/www.maisbn.com\/portal\/wp-content\/uploads\/2016\/07\/atademepr.jpg\" alt=\"atademepr\" width=\"700\" height=\"600\" \/><\/a><\/p>\n<p><a href=\"http:\/\/www.maisbn.com\/portal\/wp-content\/uploads\/2016\/07\/atapscepsl.jpg\"><img loading=\"lazy\" decoding=\"async\" class=\"aligncenter size-full wp-image-11741\" src=\"http:\/\/www.maisbn.com\/portal\/wp-content\/uploads\/2016\/07\/atapscepsl.jpg\" alt=\"atapscepsl\" width=\"700\" height=\"600\" \/><\/a><\/p>\n<p><a href=\"http:\/\/www.maisbn.com\/portal\/wp-content\/uploads\/2016\/07\/ata_psb-e1469396307459.jpg\"><img loading=\"lazy\" decoding=\"async\" class=\"aligncenter size-full wp-image-11742\" src=\"http:\/\/www.maisbn.com\/portal\/wp-content\/uploads\/2016\/07\/ata_psb-e1469396307459.jpg\" alt=\"ata_psb\" width=\"700\" height=\"779\" \/><\/a><\/p>\n","protected":false},"excerpt":{"rendered":"<p>PSB-40 e partidos coligados divulgam atas de convoca\u00e7\u00e3o da Conven\u00e7\u00e3o Municipal 2016 que acontecer\u00e1 no pr\u00f3ximo dia 31\/07, das 08:00Hrs \u00e0s 17:00Hrs, na sede do Esporte Clube Am\u00e9rica, localizado na Rua D. Pedro II, Sn\u00b0, Bairro Centro. Segue abaixo as atas de convoca\u00e7\u00e3o: &nbsp;<\/p>\n","protected":false},"author":7,"featured_media":11743,"comment_status":"open","ping_status":"open","sticky":false,"template":"","format":"standard","meta":{"footnotes":""},"categories":[1,7],"tags":[108],"class_list":["post-11739","post","type-post","status-publish","format-standard","has-post-thumbnail","hentry","category-noticias","category-politica","tag-belmonte"],"_links":{"self":[{"href":"https:\/\/www.maisbn.com\/portal\/wp-json\/wp\/v2\/posts\/11739","targetHints":{"allow":["GET"]}}],"collection":[{"href":"https:\/\/www.maisbn.com\/portal\/wp-json\/wp\/v2\/posts"}],"about":[{"href":"https:\/\/www.maisbn.com\/portal\/wp-json\/wp\/v2\/types\/post"}],"author":[{"embeddable":true,"href":"https:\/\/www.maisbn.com\/portal\/wp-json\/wp\/v2\/users\/7"}],"replies":[{"embeddable":true,"href":"https:\/\/www.maisbn.com\/portal\/wp-json\/wp\/v2\/comments?post=11739"}],"version-history":[{"count":3,"href":"https:\/\/www.maisbn.com\/portal\/wp-json\/wp\/v2\/posts\/11739\/revisions"}],"predecessor-version":[{"id":11746,"href":"https:\/\/www.maisbn.com\/portal\/wp-json\/wp\/v2\/posts\/11739\/revisions\/11746"}],"wp:featuredmedia":[{"embeddable":true,"href":"https:\/\/www.maisbn.com\/portal\/wp-json\/wp\/v2\/media\/11743"}],"wp:attachment":[{"href":"https:\/\/www.maisbn.com\/portal\/wp-json\/wp\/v2\/media?parent=11739"}],"wp:term":[{"taxonomy":"category","embeddable":true,"href":"https:\/\/www.maisbn.com\/portal\/wp-json\/wp\/v2\/categories?post=11739"},{"taxonomy":"post_tag","embeddable":true,"href":"https:\/\/www.maisbn.com\/portal\/wp-json\/wp\/v2\/tags?post=11739"}],"curies":[{"name":"wp","href":"https:\/\/api.w.org\/{rel}","templated":true}]}}