{"id":11730,"date":"2016-07-01T13:06:39","date_gmt":"2016-07-01T16:06:39","guid":{"rendered":"http:\/\/www.maisbn.com\/portal\/?p=11730"},"modified":"2016-07-23T13:12:08","modified_gmt":"2016-07-23T16:12:08","slug":"deputado-janio-natal-comemora-realizacao-de-obras-de-energia-na-zona-rural-de-belmonte","status":"publish","type":"post","link":"https:\/\/www.maisbn.com\/portal\/2016\/07\/deputado-janio-natal-comemora-realizacao-de-obras-de-energia-na-zona-rural-de-belmonte\/","title":{"rendered":"DEPUTADO J\u00c2NIO NATAL COMEMORA REALIZA\u00c7\u00c3O DE OBRAS DE ENERGIA NA ZONA RURAL DE BELMONTE"},"content":{"rendered":"<p>Mais de 120 fam\u00edlias da zona rural de Belmonte estar\u00e3o sendo beneficiadas, at\u00e9 agosto de 2016, com energia em suas resid\u00eancias, atrav\u00e9s do programa Luz para Todos. As localidades contempladas s\u00e3o:<br \/>\nUBU, RIO PRETO, UNIDOS EM CRISTO E ORLA MAR\u00cdTIMA (pr\u00f3ximo ao porto da Veracel).<\/p>\n<p>A garantia \u00e9 do Deputado <span class=\"il\">J\u00e2nio<\/span> <span class=\"il\">Natal<\/span>, o principal respons\u00e1vel por esta grande conquista. O Deputado agradece muito o esfor\u00e7o do seu irm\u00e3o, Janival, que tanto se empenhou para que essas obras fossem realizadas com mais brevidade. A participa\u00e7\u00e3o dos presidentes das Associa\u00e7\u00f5es foi tamb\u00e9m de grande import\u00e2ncia,\u00a0 para agilizar o processo.<\/p>\n<p>Muito breve, at\u00e9 o final de 2016, ser\u00e3o iniciadas mais de 300 novas liga\u00e7\u00f5es,\u00a0 nas\u00a0 regi\u00f5es do C\u00d3RREGO VERMELHO, PROJETO PIA\u00c7AVA, ALDEIA PATIBURI, ASSENTAMENTO TUIUTY E C\u00caPA.<\/p>\n<p><span class=\"il\">J\u00e2nio<\/span> <span class=\"il\">Natal<\/span> comentou, ainda, que n\u00e3o est\u00e1 preocupado com pessoas que est\u00e3o querendo &#8220;pongar&#8221; na sua carona, ao dizer que participaram da conquista dessas obras. &#8220;O importante, para mim, \u00e9 que o munic\u00edpio e o povo sejam beneficiados e fiquem felizes com essas conquistas!&#8221;,\u00a0 desabafou o Deputado.<\/p>\n","protected":false},"excerpt":{"rendered":"<p>Mais de 120 fam\u00edlias da zona rural de Belmonte estar\u00e3o sendo beneficiadas, at\u00e9 agosto de 2016, com energia em suas resid\u00eancias, atrav\u00e9s do programa Luz para Todos. As localidades contempladas s\u00e3o: UBU, RIO PRETO, UNIDOS EM CRISTO E ORLA MAR\u00cdTIMA (pr\u00f3ximo ao porto da Veracel). A garantia \u00e9 do Deputado J\u00e2nio Natal, o principal respons\u00e1vel [&hellip;]<\/p>\n","protected":false},"author":1,"featured_media":11731,"comment_status":"open","ping_status":"open","sticky":false,"template":"","format":"standard","meta":{"footnotes":""},"categories":[45,1],"tags":[],"class_list":["post-11730","post","type-post","status-publish","format-standard","has-post-thumbnail","hentry","category-cidades","category-noticias"],"_links":{"self":[{"href":"https:\/\/www.maisbn.com\/portal\/wp-json\/wp\/v2\/posts\/11730","targetHints":{"allow":["GET"]}}],"collection":[{"href":"https:\/\/www.maisbn.com\/portal\/wp-json\/wp\/v2\/posts"}],"about":[{"href":"https:\/\/www.maisbn.com\/portal\/wp-json\/wp\/v2\/types\/post"}],"author":[{"embeddable":true,"href":"https:\/\/www.maisbn.com\/portal\/wp-json\/wp\/v2\/users\/1"}],"replies":[{"embeddable":true,"href":"https:\/\/www.maisbn.com\/portal\/wp-json\/wp\/v2\/comments?post=11730"}],"version-history":[{"count":1,"href":"https:\/\/www.maisbn.com\/portal\/wp-json\/wp\/v2\/posts\/11730\/revisions"}],"predecessor-version":[{"id":11732,"href":"https:\/\/www.maisbn.com\/portal\/wp-json\/wp\/v2\/posts\/11730\/revisions\/11732"}],"wp:featuredmedia":[{"embeddable":true,"href":"https:\/\/www.maisbn.com\/portal\/wp-json\/wp\/v2\/media\/11731"}],"wp:attachment":[{"href":"https:\/\/www.maisbn.com\/portal\/wp-json\/wp\/v2\/media?parent=11730"}],"wp:term":[{"taxonomy":"category","embeddable":true,"href":"https:\/\/www.maisbn.com\/portal\/wp-json\/wp\/v2\/categories?post=11730"},{"taxonomy":"post_tag","embeddable":true,"href":"https:\/\/www.maisbn.com\/portal\/wp-json\/wp\/v2\/tags?post=11730"}],"curies":[{"name":"wp","href":"https:\/\/api.w.org\/{rel}","templated":true}]}}