{"id":11695,"date":"2016-07-21T02:54:59","date_gmt":"2016-07-21T05:54:59","guid":{"rendered":"http:\/\/www.maisbn.com\/portal\/?p=11695"},"modified":"2016-07-21T02:57:12","modified_gmt":"2016-07-21T05:57:12","slug":"janio-natal-anuncia-que-revelara-os-nomes-de-prefeito-e-vice-no-proximo-dia-2707-em-barrolandia","status":"publish","type":"post","link":"https:\/\/www.maisbn.com\/portal\/2016\/07\/janio-natal-anuncia-que-revelara-os-nomes-de-prefeito-e-vice-no-proximo-dia-2707-em-barrolandia\/","title":{"rendered":"J\u00e2nio Natal anuncia que revelar\u00e1 os nomes de prefeito e vice no pr\u00f3ximo dia 27\/07 em Barrol\u00e2ndia."},"content":{"rendered":"<p><a href=\"http:\/\/www.maisbn.com\/portal\/wp-content\/uploads\/2015\/10\/janionatal00001.jpg\"><img loading=\"lazy\" decoding=\"async\" class=\"aligncenter size-full wp-image-8854\" src=\"http:\/\/www.maisbn.com\/portal\/wp-content\/uploads\/2015\/10\/janionatal00001.jpg\" alt=\"janionatal00001\" width=\"650\" height=\"412\" \/><\/a><\/p>\n<p><span style=\"color: #000000;\">O Deputado Estadual J\u00e2nio Natal divulgou nesta quarta-feira (20\/07) que ir\u00e1 divulgar os nomes que compor\u00e3o as chapas de prefeito e vice-prefeito na pr\u00f3xima quarta-feira (27\/07). J\u00e2nio <\/span><span style=\"color: #000000;\">comentou ainda que o an\u00fancio ser\u00e1 feito oficialmente em Barrol\u00e2ndia, maior distrito do munic\u00edpio e que ainda n\u00e3o definiu o hor\u00e1rio. <\/span><\/p>\n<p><span style=\"color: #000000;\">Observadores pol\u00edticos esperam ansiosos para saber a defini\u00e7\u00e3o dos nomes que ser\u00e3o apoiado pelo deputado e, pelo clima de mist\u00e9rio, certamente poder\u00e3o vir surpresas para o mundo pol\u00edtico belmontense.<\/span><\/p>\n<p>&nbsp;<\/p>\n","protected":false},"excerpt":{"rendered":"<p>O Deputado Estadual J\u00e2nio Natal divulgou nesta quarta-feira (20\/07) que ir\u00e1 divulgar os nomes que compor\u00e3o as chapas de prefeito e vice-prefeito na pr\u00f3xima quarta-feira (27\/07). J\u00e2nio comentou ainda que o an\u00fancio ser\u00e1 feito oficialmente em Barrol\u00e2ndia, maior distrito do munic\u00edpio e que ainda n\u00e3o definiu o hor\u00e1rio. Observadores pol\u00edticos esperam ansiosos para saber a [&hellip;]<\/p>\n","protected":false},"author":7,"featured_media":8854,"comment_status":"open","ping_status":"open","sticky":false,"template":"","format":"standard","meta":{"footnotes":""},"categories":[1,7],"tags":[108],"class_list":["post-11695","post","type-post","status-publish","format-standard","has-post-thumbnail","hentry","category-noticias","category-politica","tag-belmonte"],"_links":{"self":[{"href":"https:\/\/www.maisbn.com\/portal\/wp-json\/wp\/v2\/posts\/11695","targetHints":{"allow":["GET"]}}],"collection":[{"href":"https:\/\/www.maisbn.com\/portal\/wp-json\/wp\/v2\/posts"}],"about":[{"href":"https:\/\/www.maisbn.com\/portal\/wp-json\/wp\/v2\/types\/post"}],"author":[{"embeddable":true,"href":"https:\/\/www.maisbn.com\/portal\/wp-json\/wp\/v2\/users\/7"}],"replies":[{"embeddable":true,"href":"https:\/\/www.maisbn.com\/portal\/wp-json\/wp\/v2\/comments?post=11695"}],"version-history":[{"count":1,"href":"https:\/\/www.maisbn.com\/portal\/wp-json\/wp\/v2\/posts\/11695\/revisions"}],"predecessor-version":[{"id":11696,"href":"https:\/\/www.maisbn.com\/portal\/wp-json\/wp\/v2\/posts\/11695\/revisions\/11696"}],"wp:featuredmedia":[{"embeddable":true,"href":"https:\/\/www.maisbn.com\/portal\/wp-json\/wp\/v2\/media\/8854"}],"wp:attachment":[{"href":"https:\/\/www.maisbn.com\/portal\/wp-json\/wp\/v2\/media?parent=11695"}],"wp:term":[{"taxonomy":"category","embeddable":true,"href":"https:\/\/www.maisbn.com\/portal\/wp-json\/wp\/v2\/categories?post=11695"},{"taxonomy":"post_tag","embeddable":true,"href":"https:\/\/www.maisbn.com\/portal\/wp-json\/wp\/v2\/tags?post=11695"}],"curies":[{"name":"wp","href":"https:\/\/api.w.org\/{rel}","templated":true}]}}