{"id":11686,"date":"2016-07-21T02:35:15","date_gmt":"2016-07-21T05:35:15","guid":{"rendered":"http:\/\/www.maisbn.com\/portal\/?p=11686"},"modified":"2016-07-21T02:46:42","modified_gmt":"2016-07-21T05:46:42","slug":"partidos-politicos-marcam-as-suas-convencoes-e-se-preparam-para-as-eleicoes-2016","status":"publish","type":"post","link":"https:\/\/www.maisbn.com\/portal\/2016\/07\/partidos-politicos-marcam-as-suas-convencoes-e-se-preparam-para-as-eleicoes-2016\/","title":{"rendered":"Partidos pol\u00edticos marcam as suas conven\u00e7\u00f5es e se preparam para as elei\u00e7\u00f5es 2016."},"content":{"rendered":"<p><span style=\"color: #000000;\">Depois dos festejos religiosos Belmonte agora se prepara para se tornar palco do que promete ser o maior embate pol\u00edtico dos \u00faltimos 20 anos. Estamos falando da aproxima\u00e7\u00e3o das campanhas eleitorais que ir\u00e3o decidir quem ser\u00e1 o pr\u00f3ximo gestor que comandar\u00e1 a cidade a partir de janeiro de 2017.<\/span><\/p>\n<dl id=\"attachment_11687\" class=\"wp-caption aligncenter\" style=\"width: 450px;\">\n<dt class=\"wp-caption-dt\"><a style=\"color: #000000;\" href=\"http:\/\/www.maisbn.com\/portal\/wp-content\/uploads\/2016\/07\/janionatal_janival.jpg\"><img loading=\"lazy\" decoding=\"async\" class=\"wp-image-11687 size-full\" src=\"http:\/\/www.maisbn.com\/portal\/wp-content\/uploads\/2016\/07\/janionatal_janival.jpg\" alt=\"janionatal_janival\" width=\"440\" height=\"380\" \/><\/a><\/dt>\n<dd class=\"wp-caption-dd\"><span style=\"color: #000000;\">J\u00e2nio Natal avisou que acompanhar\u00e1 o embate pol\u00edtico belmontense de perto e que far\u00e1 de tudo para que seu grupo pol\u00edtico consiga a vit\u00f3ria.<\/span><\/dd>\n<\/dl>\n<p><span style=\"color: #000000;\">Os partidos pol\u00edticos e seus l\u00edderes j\u00e1 se preparam para a corrida eleitoral e o ato inicial promete ser as conven\u00e7\u00f5es partid\u00e1rias que j\u00e1 est\u00e3o com datas marcadas para acontecer. O Partido Trabalhista Nacional (PTN-19) e os partidos que fazem parte da coliga\u00e7\u00e3o que sustentar\u00e1 o pr\u00e9-candidato Janival Andrade marcou a sua conven\u00e7\u00e3o para o pr\u00f3ximo dia 31\/07. O evento acontecer\u00e1 na Sede da Filarm\u00f4nica XV de Setembro onde estar\u00e1 presente os futuros candidatos a vereador, bem como, o Deputado Estadual J\u00e2nio Natal que j\u00e1 avisou que acompanhar\u00e1 o embate pol\u00edtico belmontense de perto e far\u00e1 tudo para que o seu grupo pol\u00edtico seja vencedor.<\/span><\/p>\n<div id=\"attachment_10749\" style=\"width: 660px\" class=\"wp-caption aligncenter\"><a style=\"color: #000000;\" href=\"http:\/\/www.maisbn.com\/portal\/wp-content\/uploads\/2016\/04\/reuniao4000008.jpg\"><img loading=\"lazy\" decoding=\"async\" aria-describedby=\"caption-attachment-10749\" class=\"wp-image-10749 size-full\" src=\"http:\/\/www.maisbn.com\/portal\/wp-content\/uploads\/2016\/04\/reuniao4000008.jpg\" alt=\"\" width=\"650\" height=\"412\" \/><\/a><p id=\"caption-attachment-10749\" class=\"wp-caption-text\">Grupo Pol\u00edtico da Prefeita Alice Britto promete fazer uma campanha limpa focando nas conquistas da gestora, mas diz que est\u00e1 preparado para responder \u00e0s agress\u00f5es dos seus advers\u00e1rios.<\/p><\/div>\n<p><span style=\"color: #000000;\">O Partido Socialista Brasileiro (PSB-40) e partidos coligados que dar\u00e3o sustenta\u00e7\u00e3o \u00e0 pr\u00e9-candidata e atual Prefeita Alice Brito est\u00e1 com a conven\u00e7\u00e3o prevista tamb\u00e9m para o dia 31\/07, mas a data e o local ainda n\u00e3o foram confirmados pelo grupo da gestora. Alice est\u00e1 sendo apoiada por um grupo pol\u00edtico forte e considera ter grandes chances de vit\u00f3ria. Correligion\u00e1rios comentam que a luta ser\u00e1 pesada e esperam que os maiores ataques vir\u00e3o do grupo pol\u00edtico do ex-prefeito I\u00eado Elias que promete fazer de tudo para derrotar sua arquirrival. A campanha da Prefeita Alice Britto promete focar na divulga\u00e7\u00e3o das conquistas conseguidas pela mesma, mas, pessoas que apoiam a gestora, dizem que o grupo est\u00e1 preparado para responder a qualquer agress\u00e3o vinda dos seus advers\u00e1rios.\u00a0 <\/span><\/p>\n<dl id=\"attachment_5613\" class=\"wp-caption aligncenter\" style=\"width: 540px;\">\n<dt class=\"wp-caption-dt\"><a style=\"color: #000000;\" href=\"http:\/\/www.maisbn.com\/portal\/wp-content\/uploads\/2014\/07\/prefeitoiedocontas.jpg\"><img loading=\"lazy\" decoding=\"async\" class=\"size-full wp-image-5613\" src=\"http:\/\/www.maisbn.com\/portal\/wp-content\/uploads\/2014\/07\/prefeitoiedocontas.jpg\" alt=\"Grupo Pol\u00edtico do Ex-prefeito diz que focar\u00e1 sua artilharia na atual gestora e o objetivo \u00e9 enfraquece-la durante a corrida eleitoral.\" width=\"530\" height=\"397\" srcset=\"https:\/\/www.maisbn.com\/portal\/wp-content\/uploads\/2014\/07\/prefeitoiedocontas.jpg 530w, https:\/\/www.maisbn.com\/portal\/wp-content\/uploads\/2014\/07\/prefeitoiedocontas-467x350.jpg 467w\" sizes=\"auto, (max-width: 530px) 100vw, 530px\" \/><\/a><\/dt>\n<dd class=\"wp-caption-dd\"><span style=\"color: #000000;\">Grupo Pol\u00edtico do Ex-prefeito diz que focar\u00e1 sua artilharia na atual gestora e o objetivo \u00e9 enfraquece-la durante a corrida eleitoral.<\/span><\/dd>\n<\/dl>\n<p><span style=\"color: #000000;\">O Partido Progressista (PP-11) e partidos coligados que dar\u00e3o sustenta\u00e7\u00e3o ao pr\u00e9-candidato e ex-prefeito I\u00eado Elias tamb\u00e9m j\u00e1 marcou a data da conven\u00e7\u00e3o que ser\u00e1 no dia 05\/08 no Esporte Clube \u00c1guia Negra. As conversas de bastidores constam que a artilharia do grupo pol\u00edtico comandado pelo ex-prefeito estar\u00e1 focada em atacar a Prefeita Alice Britto a qual o mesmo j\u00e1 declarou \u00f3dio mortal. Pessoas pr\u00f3ximas ao ex-gestor comentam que I\u00eado Elias n\u00e3o tem raiva do seu antigo inimigo, o Deputado Estadual J\u00e2nio Natal, e que o alvo da campanha ser\u00e1 enfraquecer a atual gestora na corrida eleitoral. <\/span><\/p>\n<dl id=\"attachment_6567\" class=\"wp-caption aligncenter\" style=\"width: 538px;\">\n<dt class=\"wp-caption-dt\"><a style=\"color: #000000;\" href=\"http:\/\/www.maisbn.com\/portal\/wp-content\/uploads\/2014\/12\/camara_belmonte.jpg\"><img loading=\"lazy\" decoding=\"async\" class=\"wp-image-6567 size-full\" src=\"http:\/\/www.maisbn.com\/portal\/wp-content\/uploads\/2014\/12\/camara_belmonte.jpg\" alt=\"camara_belmonte\" width=\"528\" height=\"277\" \/><\/a><\/dt>\n<dd class=\"wp-caption-dd\"><span style=\"color: #000000;\">Briga por uma cadeira no Legislativo promete ser acirrada nessa elei\u00e7\u00e3o.<\/span><\/dd>\n<\/dl>\n<p><span style=\"color: #000000;\">Al\u00e9m dos futuros candidatos a Prefeito de Belmonte, a luta tamb\u00e9m ser\u00e1 travada pelos pretensos candidatos a vereador. A vaga na C\u00e2mara Legislativa Municipal ser\u00e1 bastante disputada por um grande n\u00famero de candidatos que disputar\u00e3o acirradamente os votos dos belmontenses. Dois atuais vereadores j\u00e1 anunciaram que n\u00e3o concorrer\u00e3o esse ano s\u00e3o eles: O vereador Carvalho e o Vereador Alvino Matos, mas tamb\u00e9m, mesmo fora do embate eleitoral, os mesmos j\u00e1 prometeram que apoiar\u00e3o os seus respectivos grupos pol\u00edticos e far\u00e3o de tudo para leva-los \u00e0 vit\u00f3ria.<\/span><\/p>\n<p><span style=\"color: #000000;\">Diante dos fatos, o que resta ao povo belmontense \u00e9 esperar para ver o desenrolar do embate e escolher quem ser\u00e1 o melhor candidato para assumir os comandos da cidade nos pr\u00f3ximos anos.<\/span><\/p>\n","protected":false},"excerpt":{"rendered":"<p>Depois dos festejos religiosos Belmonte agora se prepara para se tornar palco do que promete ser o maior embate pol\u00edtico dos \u00faltimos 20 anos. Estamos falando da aproxima\u00e7\u00e3o das campanhas eleitorais que ir\u00e3o decidir quem ser\u00e1 o pr\u00f3ximo gestor que comandar\u00e1 a cidade a partir de janeiro de 2017. J\u00e2nio Natal avisou que acompanhar\u00e1 o [&hellip;]<\/p>\n","protected":false},"author":7,"featured_media":11690,"comment_status":"open","ping_status":"open","sticky":false,"template":"","format":"standard","meta":{"footnotes":""},"categories":[1,7],"tags":[108],"class_list":["post-11686","post","type-post","status-publish","format-standard","has-post-thumbnail","hentry","category-noticias","category-politica","tag-belmonte"],"_links":{"self":[{"href":"https:\/\/www.maisbn.com\/portal\/wp-json\/wp\/v2\/posts\/11686","targetHints":{"allow":["GET"]}}],"collection":[{"href":"https:\/\/www.maisbn.com\/portal\/wp-json\/wp\/v2\/posts"}],"about":[{"href":"https:\/\/www.maisbn.com\/portal\/wp-json\/wp\/v2\/types\/post"}],"author":[{"embeddable":true,"href":"https:\/\/www.maisbn.com\/portal\/wp-json\/wp\/v2\/users\/7"}],"replies":[{"embeddable":true,"href":"https:\/\/www.maisbn.com\/portal\/wp-json\/wp\/v2\/comments?post=11686"}],"version-history":[{"count":5,"href":"https:\/\/www.maisbn.com\/portal\/wp-json\/wp\/v2\/posts\/11686\/revisions"}],"predecessor-version":[{"id":11694,"href":"https:\/\/www.maisbn.com\/portal\/wp-json\/wp\/v2\/posts\/11686\/revisions\/11694"}],"wp:featuredmedia":[{"embeddable":true,"href":"https:\/\/www.maisbn.com\/portal\/wp-json\/wp\/v2\/media\/11690"}],"wp:attachment":[{"href":"https:\/\/www.maisbn.com\/portal\/wp-json\/wp\/v2\/media?parent=11686"}],"wp:term":[{"taxonomy":"category","embeddable":true,"href":"https:\/\/www.maisbn.com\/portal\/wp-json\/wp\/v2\/categories?post=11686"},{"taxonomy":"post_tag","embeddable":true,"href":"https:\/\/www.maisbn.com\/portal\/wp-json\/wp\/v2\/tags?post=11686"}],"curies":[{"name":"wp","href":"https:\/\/api.w.org\/{rel}","templated":true}]}}