{"id":11599,"date":"2016-07-16T15:53:45","date_gmt":"2016-07-16T18:53:45","guid":{"rendered":"http:\/\/www.maisbn.com\/portal\/?p=11599"},"modified":"2016-07-16T15:56:27","modified_gmt":"2016-07-16T18:56:27","slug":"decisao-judicial-libera-ex-prefeito-de-belmonte-para-disputar-as-eleicoes-2016","status":"publish","type":"post","link":"https:\/\/www.maisbn.com\/portal\/2016\/07\/decisao-judicial-libera-ex-prefeito-de-belmonte-para-disputar-as-eleicoes-2016\/","title":{"rendered":"Decis\u00e3o Judicial libera ex-prefeito de Belmonte para disputar as elei\u00e7\u00f5es 2016."},"content":{"rendered":"<div id=\"attachment_5613\" style=\"width: 540px\" class=\"wp-caption aligncenter\"><a href=\"http:\/\/www.maisbn.com\/portal\/wp-content\/uploads\/2014\/07\/prefeitoiedocontas.jpg\"><img loading=\"lazy\" decoding=\"async\" aria-describedby=\"caption-attachment-5613\" class=\"size-full wp-image-5613\" src=\"http:\/\/www.maisbn.com\/portal\/wp-content\/uploads\/2014\/07\/prefeitoiedocontas.jpg\" alt=\"I\u00eado Elias, ex-prefeito de Belmonte.\" width=\"530\" height=\"397\" srcset=\"https:\/\/www.maisbn.com\/portal\/wp-content\/uploads\/2014\/07\/prefeitoiedocontas.jpg 530w, https:\/\/www.maisbn.com\/portal\/wp-content\/uploads\/2014\/07\/prefeitoiedocontas-467x350.jpg 467w\" sizes=\"auto, (max-width: 530px) 100vw, 530px\" \/><\/a><p id=\"caption-attachment-5613\" class=\"wp-caption-text\">I\u00eado Elias, ex-prefeito de Belmonte.<\/p><\/div>\n<p><span style=\"color: #000000;\">Uma decis\u00e3o judicial deferida pelo Juiz Manoel Ricardo Calheiros D&#8217;avila no \u00faltimo dia 15\/07 anulou os efeitos do parecer pr\u00e9vio de n\u00ba 150-15 que tinha como consequ\u00eancia a inexigibilidade do advogado e ex-prefeito de Belmonte, I\u00eado Elias. O parecer do TCM dizia que as contas do ex-gestor continuavam rejeitadas, mesmo com a vota\u00e7\u00e3o favor\u00e1vel 2\/3 da C\u00e2mara de Vereadores de Belmonte em 2015. O \u00f3rg\u00e3o alegou que a C\u00e2mara de Vereadores passou do prazo de 60 dias para se manifestar sobre o parecer pr\u00e9vio do \u00f3rg\u00e3o, sendo assim, valeria a decis\u00e3o do TCM que era a rejei\u00e7\u00e3o das citadas contas e a consequente inclus\u00e3o do nome do ex-gestor na lista dos pol\u00edticos &#8220;ficha-suja&#8221; enviada \u00e0 Justi\u00e7a Eleitoral.<\/span><\/p>\n<p><span style=\"color: #000000;\">Com a decis\u00e3o, o ex-prefeito conseguir\u00e1 o registro da sua candidatura pela Justi\u00e7a Eleitoral e estar\u00e1 habilitado para participar do embate pol\u00edtico que escolher\u00e1 o novo Prefeito de Belmonte.<\/span><\/p>\n<p><span style=\"color: #000000;\">A not\u00edcia foi comemorada pelo grupo pol\u00edtico do ex-gestor que aposta na vit\u00f3ria do mesmo na vota\u00e7\u00e3o que ir\u00e1 acontecer em outubro. Alguns observadores pol\u00edticos j\u00e1 esperavam a decis\u00e3o, tanto que, as estimativas de grupos opositores sempre contaram com a presen\u00e7a do nome do ex-prefeito. I\u00eado Elias em entrevista a um site local informou que sempre teve convic\u00e7\u00e3o que seria candidato e acusou os seus advers\u00e1rios pol\u00edticos de desonestidade por tentarem diminuir a sua proje\u00e7\u00e3o pol\u00edtica. <\/span><\/p>\n<p><span style=\"color: #000000;\">Segue abaixo a decis\u00e3o judicial:<\/span><\/p>\n<p><a href=\"http:\/\/www.maisbn.com\/portal\/wp-content\/uploads\/2016\/07\/parecer_judicial_iedo_elias.jpg\"><img loading=\"lazy\" decoding=\"async\" class=\"aligncenter size-full wp-image-11600\" src=\"http:\/\/www.maisbn.com\/portal\/wp-content\/uploads\/2016\/07\/parecer_judicial_iedo_elias.jpg\" alt=\"parecer_judicial_iedo_elias\" width=\"582\" height=\"1000\" srcset=\"https:\/\/www.maisbn.com\/portal\/wp-content\/uploads\/2016\/07\/parecer_judicial_iedo_elias.jpg 582w, https:\/\/www.maisbn.com\/portal\/wp-content\/uploads\/2016\/07\/parecer_judicial_iedo_elias-524x900.jpg 524w\" sizes=\"auto, (max-width: 582px) 100vw, 582px\" \/><\/a><\/p>\n<p>&nbsp;<\/p>\n<p>&nbsp;<\/p>\n","protected":false},"excerpt":{"rendered":"<p>Uma decis\u00e3o judicial deferida pelo Juiz Manoel Ricardo Calheiros D&#8217;avila no \u00faltimo dia 15\/07 anulou os efeitos do parecer pr\u00e9vio de n\u00ba 150-15 que tinha como consequ\u00eancia a inexigibilidade do advogado e ex-prefeito de Belmonte, I\u00eado Elias. O parecer do TCM dizia que as contas do ex-gestor continuavam rejeitadas, mesmo com a vota\u00e7\u00e3o favor\u00e1vel 2\/3 [&hellip;]<\/p>\n","protected":false},"author":7,"featured_media":5613,"comment_status":"open","ping_status":"open","sticky":false,"template":"","format":"standard","meta":{"footnotes":""},"categories":[1,7],"tags":[108],"class_list":["post-11599","post","type-post","status-publish","format-standard","has-post-thumbnail","hentry","category-noticias","category-politica","tag-belmonte"],"_links":{"self":[{"href":"https:\/\/www.maisbn.com\/portal\/wp-json\/wp\/v2\/posts\/11599","targetHints":{"allow":["GET"]}}],"collection":[{"href":"https:\/\/www.maisbn.com\/portal\/wp-json\/wp\/v2\/posts"}],"about":[{"href":"https:\/\/www.maisbn.com\/portal\/wp-json\/wp\/v2\/types\/post"}],"author":[{"embeddable":true,"href":"https:\/\/www.maisbn.com\/portal\/wp-json\/wp\/v2\/users\/7"}],"replies":[{"embeddable":true,"href":"https:\/\/www.maisbn.com\/portal\/wp-json\/wp\/v2\/comments?post=11599"}],"version-history":[{"count":3,"href":"https:\/\/www.maisbn.com\/portal\/wp-json\/wp\/v2\/posts\/11599\/revisions"}],"predecessor-version":[{"id":11603,"href":"https:\/\/www.maisbn.com\/portal\/wp-json\/wp\/v2\/posts\/11599\/revisions\/11603"}],"wp:featuredmedia":[{"embeddable":true,"href":"https:\/\/www.maisbn.com\/portal\/wp-json\/wp\/v2\/media\/5613"}],"wp:attachment":[{"href":"https:\/\/www.maisbn.com\/portal\/wp-json\/wp\/v2\/media?parent=11599"}],"wp:term":[{"taxonomy":"category","embeddable":true,"href":"https:\/\/www.maisbn.com\/portal\/wp-json\/wp\/v2\/categories?post=11599"},{"taxonomy":"post_tag","embeddable":true,"href":"https:\/\/www.maisbn.com\/portal\/wp-json\/wp\/v2\/tags?post=11599"}],"curies":[{"name":"wp","href":"https:\/\/api.w.org\/{rel}","templated":true}]}}