{"id":11567,"date":"2016-07-15T10:28:04","date_gmt":"2016-07-15T13:28:04","guid":{"rendered":"http:\/\/www.maisbn.com\/portal\/?p=11567"},"modified":"2016-07-15T23:03:22","modified_gmt":"2016-07-16T02:03:22","slug":"jovem-e-atingido-por-05-facadas-no-show-de-love-beat-em-belmonte","status":"publish","type":"post","link":"https:\/\/www.maisbn.com\/portal\/2016\/07\/jovem-e-atingido-por-05-facadas-no-show-de-love-beat-em-belmonte\/","title":{"rendered":"Jovem \u00e9 atingido por 05 facadas no show de Love Beat em Belmonte."},"content":{"rendered":"<div id=\"attachment_11570\" style=\"width: 418px\" class=\"wp-caption aligncenter\"><a href=\"http:\/\/www.maisbn.com\/portal\/wp-content\/uploads\/2016\/07\/foto_01.jpg\"><img loading=\"lazy\" decoding=\"async\" aria-describedby=\"caption-attachment-11570\" class=\"wp-image-11570 \" src=\"http:\/\/www.maisbn.com\/portal\/wp-content\/uploads\/2016\/07\/foto_01.jpg\" alt=\"\" width=\"408\" height=\"342\" \/><\/a><p id=\"caption-attachment-11570\" class=\"wp-caption-text\">Marcelo Silva Amorim, V\u00edtima atingida por 05 facadas<\/p><\/div>\n<p><span style=\"color: #000000;\">Um acontecimento violento marcou a noite dessa quinta-feira (14\/07), primeira noite das atra\u00e7\u00f5es que se apresentar\u00e3o na Festa do Carmo em Belmonte. Estamos falando de uma briga onde um jovem de 18 anos foi atingido por 05 facadas na regi\u00e3o compreendida entre o abdome e o peito. A v\u00edtima foi identificada pelo nome de Marcelo Silva Amorim (18 anos) e o acusado pela agress\u00e3o foi identificado pelo nome de Daniel, que conseguiu fugir antes da chegada dos policiais.<\/span><\/p>\n<p><span style=\"color: #000000;\">Testemunhas contaram que os dois se desentenderam na frente do palco onde se apresentava a Banda Love Beat e, entre uma troca de agress\u00f5es, Daniel puxou uma faca e desferiu 05 golpes em Marcelo que ficou estendido no ch\u00e3o. Por causa do tumulto o show foi paralisado, Marcelo foi atendido pelas equipes dos Bombeiros Civis, pela equipe de sa\u00fade de plant\u00e3o e por Policiais Militares que estavam no evento.<\/span><\/p>\n<p><span style=\"color: #000000;\">As investiga\u00e7\u00f5es acreditam que a briga tenha sido motivada por uma rixa entre integrantes de Bairros, j\u00e1 que, Marcelo \u00e9 morador do Bairro Bom Jardim e Daniel teria sua resid\u00eancia no Bairro da Biela. \u00c9 frequente ter integrantes dos dois bairros envolvidos em confrontos violentos nas ruas da cidade.<\/span><\/p>\n<p><span style=\"color: #000000;\">Segundo informa\u00e7\u00f5es, a v\u00edtima foi socorrida para o Hospital Dr. Jos\u00e9 da Costa Pinto Dantas, foi medicada e n\u00e3o corre perigo de morte.<\/span><\/p>\n","protected":false},"excerpt":{"rendered":"<p>Um acontecimento violento marcou a noite dessa quinta-feira (14\/07), primeira noite das atra\u00e7\u00f5es que se apresentar\u00e3o na Festa do Carmo em Belmonte. Estamos falando de uma briga onde um jovem de 18 anos foi atingido por 05 facadas na regi\u00e3o compreendida entre o abdome e o peito. A v\u00edtima foi identificada pelo nome de Marcelo [&hellip;]<\/p>\n","protected":false},"author":7,"featured_media":4600,"comment_status":"open","ping_status":"open","sticky":false,"template":"","format":"standard","meta":{"footnotes":""},"categories":[1,16],"tags":[108],"class_list":["post-11567","post","type-post","status-publish","format-standard","has-post-thumbnail","hentry","category-noticias","category-policial","tag-belmonte"],"_links":{"self":[{"href":"https:\/\/www.maisbn.com\/portal\/wp-json\/wp\/v2\/posts\/11567","targetHints":{"allow":["GET"]}}],"collection":[{"href":"https:\/\/www.maisbn.com\/portal\/wp-json\/wp\/v2\/posts"}],"about":[{"href":"https:\/\/www.maisbn.com\/portal\/wp-json\/wp\/v2\/types\/post"}],"author":[{"embeddable":true,"href":"https:\/\/www.maisbn.com\/portal\/wp-json\/wp\/v2\/users\/7"}],"replies":[{"embeddable":true,"href":"https:\/\/www.maisbn.com\/portal\/wp-json\/wp\/v2\/comments?post=11567"}],"version-history":[{"count":5,"href":"https:\/\/www.maisbn.com\/portal\/wp-json\/wp\/v2\/posts\/11567\/revisions"}],"predecessor-version":[{"id":11586,"href":"https:\/\/www.maisbn.com\/portal\/wp-json\/wp\/v2\/posts\/11567\/revisions\/11586"}],"wp:featuredmedia":[{"embeddable":true,"href":"https:\/\/www.maisbn.com\/portal\/wp-json\/wp\/v2\/media\/4600"}],"wp:attachment":[{"href":"https:\/\/www.maisbn.com\/portal\/wp-json\/wp\/v2\/media?parent=11567"}],"wp:term":[{"taxonomy":"category","embeddable":true,"href":"https:\/\/www.maisbn.com\/portal\/wp-json\/wp\/v2\/categories?post=11567"},{"taxonomy":"post_tag","embeddable":true,"href":"https:\/\/www.maisbn.com\/portal\/wp-json\/wp\/v2\/tags?post=11567"}],"curies":[{"name":"wp","href":"https:\/\/api.w.org\/{rel}","templated":true}]}}