{"id":11565,"date":"2016-07-14T17:06:22","date_gmt":"2016-07-14T20:06:22","guid":{"rendered":"http:\/\/www.maisbn.com\/portal\/?p=11565"},"modified":"2016-07-14T17:06:22","modified_gmt":"2016-07-14T20:06:22","slug":"parada-geral-da-veracel-movimenta-a-economia-da-regiao","status":"publish","type":"post","link":"https:\/\/www.maisbn.com\/portal\/2016\/07\/parada-geral-da-veracel-movimenta-a-economia-da-regiao\/","title":{"rendered":"Parada Geral da Veracel movimenta a economia da regi\u00e3o."},"content":{"rendered":"<p><a href=\"http:\/\/www.maisbn.com\/portal\/wp-content\/uploads\/2015\/05\/veracel_1.jpg\"><img loading=\"lazy\" decoding=\"async\" class=\"aligncenter size-full wp-image-7580\" src=\"http:\/\/www.maisbn.com\/portal\/wp-content\/uploads\/2015\/05\/veracel_1.jpg\" alt=\"veracel_1\" width=\"640\" height=\"360\" \/><\/a><\/p>\n<p><span style=\"color: #000000;\">A Veracel Celulose realiza entre os dias 11 e 19 de Julho a Parada Geral (PG) da f\u00e1brica para inspe\u00e7\u00e3o e manuten\u00e7\u00e3o de todos os equipamentos seguindo as normas regulamentadoras e os requisitos legais. \u201cA manuten\u00e7\u00e3o dos equipamentos \u00e9 importante para garantir a opera\u00e7\u00e3o da nossa f\u00e1brica, a seguran\u00e7a de todos os colaboradores e a prote\u00e7\u00e3o ao meio ambiente\u201d, explica Luciano Lafuente, gerente de Engenharia e Manuten\u00e7\u00e3o da Veracel.<\/span><\/p>\n<p><span style=\"color: #000000;\">Com mais de 1.700 novos profissionais, a PG est\u00e1 movimentando a economia local e cerca de tr\u00eas milh\u00f5es de reais ser\u00e3o investidos em aquisi\u00e7\u00e3o de servi\u00e7os e produtos na regi\u00e3o. Muitos dos profissionais contratados s\u00e3o de Barrol\u00e2ndia, Itapebi, Itagimirim e Eun\u00e1polis. \u201cEssa \u00e9 uma maneira de valorizarmos o mercado interno e aproveitar a m\u00e3o de obra qualificada dispon\u00edvel na regi\u00e3o\u201d, comentou Roberto Costa, gerente da Andritz, empresa respons\u00e1vel pelas atividades de manuten\u00e7\u00e3o da f\u00e1brica da Veracel.<\/span><\/p>\n<p><span style=\"color: #000000;\">Em Barrol\u00e2ndia, munic\u00edpio que fica a aproximadamente 10 km da f\u00e1brica da Veracel, todas as pousadas est\u00e3o com a lota\u00e7\u00e3o m\u00e1xima.\u00a0 Jo\u00e3o Jos\u00e9 de Jesus, propriet\u00e1rio de uma pousada e restaurante, fala sorridente do aquecimento do movimento em seus estabelecimentos. \u201cO aumento aqui \u00e9 de 100%. Todos os quartos est\u00e3o ocupados e pretendo at\u00e9 ampliar a pousada. No restaurante formam 3 filas para o almo\u00e7o\u201d, contou animado. Este movimento n\u00e3o \u00e9 s\u00f3 na pousada do senhor Jo\u00e3o Jos\u00e9, todos ganharam. \u201c\u00c9 bom pra todo mundo de Barrol\u00e2ndia, da padaria \u00e0 farm\u00e1cia, o movimento \u00e9 constante. N\u00e3o tem como reclamar de nada\u201d, enfatizou.<\/span><\/p>\n<p><span style=\"color: #000000;\"><strong>\u00a0<\/strong><\/span><\/p>\n<p><span style=\"color: #000000;\"><strong>Resultados de 2015:<\/strong><\/span><\/p>\n<p><span style=\"color: #000000;\">A Parada Geral da Veracel Celulose realizada em 2015 injetou na regi\u00e3o quase tr\u00eas milh\u00f5es de reais em produtos e servi\u00e7os, principalmente na compra de combust\u00edvel e servi\u00e7os de alimenta\u00e7\u00e3o e hospedagem. \u201cEm Itapebi, por exemplo, foram mais de seiscentos mil reais em alimenta\u00e7\u00e3o e estadia para profissionais contratados que ficaram hospedados no munic\u00edpio\u201d, comenta Roberto Costa. Al\u00e9m de Itapebi, os munic\u00edpios de Itagimirim, Eun\u00e1polis, Santa Cruz Cabr\u00e1lia e Barrol\u00e2ndia, distrito de Belmonte, tamb\u00e9m se beneficiam todos os anos com a realiza\u00e7\u00e3o da PG da empresa.<\/span><\/p>\n","protected":false},"excerpt":{"rendered":"<p>A Veracel Celulose realiza entre os dias 11 e 19 de Julho a Parada Geral (PG) da f\u00e1brica para inspe\u00e7\u00e3o e manuten\u00e7\u00e3o de todos os equipamentos seguindo as normas regulamentadoras e os requisitos legais. \u201cA manuten\u00e7\u00e3o dos equipamentos \u00e9 importante para garantir a opera\u00e7\u00e3o da nossa f\u00e1brica, a seguran\u00e7a de todos os colaboradores e a [&hellip;]<\/p>\n","protected":false},"author":7,"featured_media":6410,"comment_status":"open","ping_status":"open","sticky":false,"template":"","format":"standard","meta":{"footnotes":""},"categories":[29,1],"tags":[108],"class_list":["post-11565","post","type-post","status-publish","format-standard","has-post-thumbnail","hentry","category-empreendimentos","category-noticias","tag-belmonte"],"_links":{"self":[{"href":"https:\/\/www.maisbn.com\/portal\/wp-json\/wp\/v2\/posts\/11565","targetHints":{"allow":["GET"]}}],"collection":[{"href":"https:\/\/www.maisbn.com\/portal\/wp-json\/wp\/v2\/posts"}],"about":[{"href":"https:\/\/www.maisbn.com\/portal\/wp-json\/wp\/v2\/types\/post"}],"author":[{"embeddable":true,"href":"https:\/\/www.maisbn.com\/portal\/wp-json\/wp\/v2\/users\/7"}],"replies":[{"embeddable":true,"href":"https:\/\/www.maisbn.com\/portal\/wp-json\/wp\/v2\/comments?post=11565"}],"version-history":[{"count":1,"href":"https:\/\/www.maisbn.com\/portal\/wp-json\/wp\/v2\/posts\/11565\/revisions"}],"predecessor-version":[{"id":11566,"href":"https:\/\/www.maisbn.com\/portal\/wp-json\/wp\/v2\/posts\/11565\/revisions\/11566"}],"wp:featuredmedia":[{"embeddable":true,"href":"https:\/\/www.maisbn.com\/portal\/wp-json\/wp\/v2\/media\/6410"}],"wp:attachment":[{"href":"https:\/\/www.maisbn.com\/portal\/wp-json\/wp\/v2\/media?parent=11565"}],"wp:term":[{"taxonomy":"category","embeddable":true,"href":"https:\/\/www.maisbn.com\/portal\/wp-json\/wp\/v2\/categories?post=11565"},{"taxonomy":"post_tag","embeddable":true,"href":"https:\/\/www.maisbn.com\/portal\/wp-json\/wp\/v2\/tags?post=11565"}],"curies":[{"name":"wp","href":"https:\/\/api.w.org\/{rel}","templated":true}]}}