{"id":11533,"date":"2016-07-12T17:56:56","date_gmt":"2016-07-12T20:56:56","guid":{"rendered":"http:\/\/www.maisbn.com\/portal\/?p=11533"},"modified":"2016-07-12T18:00:23","modified_gmt":"2016-07-12T21:00:23","slug":"deputado-estadual-janio-natal-e-janival-andrade-participam-de-reuniao-no-bairro-da-biela","status":"publish","type":"post","link":"https:\/\/www.maisbn.com\/portal\/2016\/07\/deputado-estadual-janio-natal-e-janival-andrade-participam-de-reuniao-no-bairro-da-biela\/","title":{"rendered":"Deputado Estadual J\u00e2nio Natal e Janival Andrade participam de reuni\u00e3o no Bairro da Biela."},"content":{"rendered":"<p><a href=\"http:\/\/www.maisbn.com\/portal\/wp-content\/uploads\/2016\/07\/reuniaodejanionatal00030.jpg\"><img loading=\"lazy\" decoding=\"async\" class=\"aligncenter size-full wp-image-11534\" src=\"http:\/\/www.maisbn.com\/portal\/wp-content\/uploads\/2016\/07\/reuniaodejanionatal00030.jpg\" alt=\"reuniaodejanionatal00030\" width=\"650\" height=\"412\" \/><\/a><\/p>\n<p><span style=\"color: #000000;\">Atendendo \u00e0 sua agenda pol\u00edtica na cidade, o Deputado Estadual J\u00e2nio Natal, juntamente com seu irm\u00e3o e pr\u00e9-candidato Janival Andrade, realizou uma reuni\u00e3o na noite da \u00faltima segunda-feira (11\/07) na resid\u00eancia de Dona Isabel, no Bairro da Biela.<\/span><\/p>\n<p><a href=\"http:\/\/www.maisbn.com\/portal\/wp-content\/uploads\/2016\/07\/reuniaodejanionatal00022.jpg\"><img loading=\"lazy\" decoding=\"async\" class=\"aligncenter size-full wp-image-11535\" src=\"http:\/\/www.maisbn.com\/portal\/wp-content\/uploads\/2016\/07\/reuniaodejanionatal00022.jpg\" alt=\"reuniaodejanionatal00022\" width=\"650\" height=\"412\" \/><\/a><\/p>\n<p><span style=\"color: #000000;\">O objetivo do deputado e seu irm\u00e3o foi ter uma conversa franca com sua base de eleitores no bairro, tirar as d\u00favidas e esclarecer os boatos que j\u00e1 est\u00e3o rolando na cidade. J\u00e2nio Natal aproveitou a ocasi\u00e3o para afirmar, mais uma vez, que seu irm\u00e3o Janival \u00e9 seu pr\u00e9-candidato e que estar\u00e1 junto com o mesmo no embate eleitoral que se aproxima.<\/span><\/p>\n<p><a href=\"http:\/\/www.maisbn.com\/portal\/wp-content\/uploads\/2016\/07\/reuniaodejanionatal00028.jpg\"><img loading=\"lazy\" decoding=\"async\" class=\"aligncenter size-full wp-image-11536\" src=\"http:\/\/www.maisbn.com\/portal\/wp-content\/uploads\/2016\/07\/reuniaodejanionatal00028.jpg\" alt=\"reuniaodejanionatal00028\" width=\"650\" height=\"412\" \/><\/a><\/p>\n<p><span style=\"color: #000000;\">As pessoas fizeram muitas perguntas prontamente respondidas por J\u00e2nio e Janival que deixaram claro que est\u00e3o confiantes na vit\u00f3ria.<br \/>\n<\/span><\/p>\n<p><span style=\"color: #000000;\">Estiveram presentes tamb\u00e9m na reuni\u00e3o o vereador Turista e o pr\u00e9-candidato Gamarra que afirmaram estar bastantes animados com o andamento dos preparativos para as elei\u00e7\u00f5es que se aproximam.<\/span><\/p>\n<p>&nbsp;<\/p>\n","protected":false},"excerpt":{"rendered":"<p>Atendendo \u00e0 sua agenda pol\u00edtica na cidade, o Deputado Estadual J\u00e2nio Natal, juntamente com seu irm\u00e3o e pr\u00e9-candidato Janival Andrade, realizou uma reuni\u00e3o na noite da \u00faltima segunda-feira (11\/07) na resid\u00eancia de Dona Isabel, no Bairro da Biela. O objetivo do deputado e seu irm\u00e3o foi ter uma conversa franca com sua base de eleitores [&hellip;]<\/p>\n","protected":false},"author":7,"featured_media":11534,"comment_status":"open","ping_status":"open","sticky":false,"template":"","format":"standard","meta":{"footnotes":""},"categories":[1,7],"tags":[108],"class_list":["post-11533","post","type-post","status-publish","format-standard","has-post-thumbnail","hentry","category-noticias","category-politica","tag-belmonte"],"_links":{"self":[{"href":"https:\/\/www.maisbn.com\/portal\/wp-json\/wp\/v2\/posts\/11533","targetHints":{"allow":["GET"]}}],"collection":[{"href":"https:\/\/www.maisbn.com\/portal\/wp-json\/wp\/v2\/posts"}],"about":[{"href":"https:\/\/www.maisbn.com\/portal\/wp-json\/wp\/v2\/types\/post"}],"author":[{"embeddable":true,"href":"https:\/\/www.maisbn.com\/portal\/wp-json\/wp\/v2\/users\/7"}],"replies":[{"embeddable":true,"href":"https:\/\/www.maisbn.com\/portal\/wp-json\/wp\/v2\/comments?post=11533"}],"version-history":[{"count":3,"href":"https:\/\/www.maisbn.com\/portal\/wp-json\/wp\/v2\/posts\/11533\/revisions"}],"predecessor-version":[{"id":11539,"href":"https:\/\/www.maisbn.com\/portal\/wp-json\/wp\/v2\/posts\/11533\/revisions\/11539"}],"wp:featuredmedia":[{"embeddable":true,"href":"https:\/\/www.maisbn.com\/portal\/wp-json\/wp\/v2\/media\/11534"}],"wp:attachment":[{"href":"https:\/\/www.maisbn.com\/portal\/wp-json\/wp\/v2\/media?parent=11533"}],"wp:term":[{"taxonomy":"category","embeddable":true,"href":"https:\/\/www.maisbn.com\/portal\/wp-json\/wp\/v2\/categories?post=11533"},{"taxonomy":"post_tag","embeddable":true,"href":"https:\/\/www.maisbn.com\/portal\/wp-json\/wp\/v2\/tags?post=11533"}],"curies":[{"name":"wp","href":"https:\/\/api.w.org\/{rel}","templated":true}]}}