{"id":11529,"date":"2016-07-12T15:36:43","date_gmt":"2016-07-12T18:36:43","guid":{"rendered":"http:\/\/www.maisbn.com\/portal\/?p=11529"},"modified":"2016-07-12T15:36:43","modified_gmt":"2016-07-12T18:36:43","slug":"ufsb-celebra-trabalho-em-equipe-no-encerramento-da-sbpc-2016","status":"publish","type":"post","link":"https:\/\/www.maisbn.com\/portal\/2016\/07\/ufsb-celebra-trabalho-em-equipe-no-encerramento-da-sbpc-2016\/","title":{"rendered":"UFSB celebra trabalho em equipe no encerramento da SBPC 2016."},"content":{"rendered":"<p><span style=\"color: #000000;\">Ap\u00f3s sete dias intensos de confer\u00eancias, mesas-redondas, mostras de experimentos, debates sobre temas candentes e um show de intera\u00e7\u00e3o com a ci\u00eancia e a tecnologia, o Campus Sos\u00edgenes Costa se despediu da 68\u00aa Reuni\u00e3o Anual da Sociedade Brasileira para o Progresso da Ci\u00eancia (SBPC 2016) na solenidade ocorrida no Audit\u00f3rio Monte Pascoal 3, da UFSB, no final de sexta-feira (8). <\/span><\/p>\n<p><a href=\"http:\/\/www.maisbn.com\/portal\/wp-content\/uploads\/2016\/07\/publico-encerramento-SBPC-700x499.jpg\"><img loading=\"lazy\" decoding=\"async\" class=\"aligncenter size-full wp-image-11530\" src=\"http:\/\/www.maisbn.com\/portal\/wp-content\/uploads\/2016\/07\/publico-encerramento-SBPC-700x499.jpg\" alt=\"publico-encerramento-SBPC-700x499\" width=\"700\" height=\"499\" \/><\/a><\/p>\n<p><span style=\"color: #000000;\">A coordena\u00e7\u00e3o executiva estima que cerca de 20 mil pessoas, entre congressistas e visitantes, participaram da SBPC 2016, em Porto Seguro.A pr\u00f3xima sede do maior evento cient\u00edfico do Brasil ser\u00e1 a Universidade Federal de Minas Gerais (UFMG), que completar\u00e1 90 anos em 2017 e que volta a receber a SBPC depois de 20 anos.A presidente da SBPC, Helena Nader, o reitor da UFSB, Naomar Monteiro de Almeida Filho, e o reitor da UFMG, Jaime Ram\u00edrez, compuseram a mesa, ao lado da diretoria da associa\u00e7\u00e3o e de coordenadores das se\u00e7\u00f5es Artes, Cultural, Jovem, Inova\u00e7\u00e3o e Ind\u00edgena.\u00a0<\/span><\/p>\n<p><span style=\"color: #000000;\">A primeira mensagem, da secret\u00e1ria geral Cl\u00e1udia D\u2019\u00c1vila-Levy, abriu a s\u00e9rie de discursos dos quais as express\u00f5es sint\u00e9ticas s\u00e3o o trabalho cooperativo, a dedica\u00e7\u00e3o \u00e0 ci\u00eancia, \u00e0 educa\u00e7\u00e3o, a coragem em assumir e vencer desafios e a gratid\u00e3o a todos que colaboram.\u00a0Intensa participa\u00e7\u00e3oNa compara\u00e7\u00e3o da representa\u00e7\u00e3o dos estados, 50% dos inscritos vieram da Bahia, com os estados do Acre e Rond\u00f4nia em nono e d\u00e9cimo lugares, respectivamente. Na sess\u00e3o de p\u00f4steres, dos 2.150 trabalhos inscritos, 1.850 foram apresentados, percentual que Castro Moreira considerou bastante alto. 25% dos p\u00f4steres foram apresentados por institui\u00e7\u00f5es da Bahia. A programa\u00e7\u00e3o cient\u00edfica da SBPC S\u00eanior ofereceu ainda 52 confer\u00eancias, 66 mesas-redondas, 12 encontros, seis sess\u00f5es especiais, sete assembleias e 27 minicursos, somando 8.615 participantes ao longo de cinco dias.\u00a0Esses n\u00fameros n\u00e3o incluem a quantidade intensa de visitantes da ExpoT&amp;C, mostra tecnol\u00f3gica que trouxe diversas atra\u00e7\u00f5es interativas, como o simulador de navega\u00e7\u00e3o desenvolvido pela Marinha do Brasil, jogos e tecnologias voltadas para a produ\u00e7\u00e3o de alimentos, \u00e0 mobilidade e \u00e0 inclus\u00e3o de pessoas com defici\u00eancia, rob\u00f3tica e pesquisas aeroespaciais, dentre m\u00faltiplos temas. <\/span><\/p>\n<p><span style=\"color: #000000;\">Institui\u00e7\u00f5es governamentais e privadas levaram conhecimento e experimentos para interagir com o p\u00fablico em seus estandes.\u00a0Outro foco de interesse foi a mostra da SBPC Jovem, voltada para o p\u00fablico infanto-juvenil. De \u00f3culos de realidade virtual a \u201clan\u00e7amento de foguetes\u201d por meio da press\u00e3o da \u00e1gua, havia uma grande quantidade de estandes para mostrar aos estudantes de todos os n\u00edveis os saberes cient\u00edficos escondidos no cotidiano e as inova\u00e7\u00f5es tecnol\u00f3gicas. Tanto a SBPC Jovem quanto a ExpoT&amp;C funcionaram tamb\u00e9m no s\u00e1bado (9), \u00a0ap\u00f3s o encerramento, no Dia da Fam\u00edlia na Ci\u00eancia. A ideia era que mais fam\u00edlias, que talvez n\u00e3o pudessem ter ido ao Campus durante a semana, aproveitassem tamb\u00e9m o clima de est\u00edmulo ao saber com divers\u00e3o e atratividade.\u00a0Al\u00e9m disso, as atividades da SBPC Artes, SBPC Cultural e a SBPC Ind\u00edgena atra\u00edram muitos congressistas, com uma agenda bem distribu\u00edda. Ao todo, a estimativa \u00e9 de que cerca de 20 mil pessoas estiveram no evento, que iniciou no domingo (3\/7) e terminou no s\u00e1bado (9\/7).<\/span><\/p>\n<p><a href=\"http:\/\/www.maisbn.com\/portal\/wp-content\/uploads\/2016\/07\/Presidente-SBPC-Helena-Nader_-Reitor-UFSb-Naomar-Almeida-Filho-e1468348367918.jpg\"><img loading=\"lazy\" decoding=\"async\" class=\"aligncenter size-full wp-image-11531\" src=\"http:\/\/www.maisbn.com\/portal\/wp-content\/uploads\/2016\/07\/Presidente-SBPC-Helena-Nader_-Reitor-UFSb-Naomar-Almeida-Filho-e1468348367918.jpg\" alt=\"Presidente-SBPC-Helena-Nader_-Reitor-UFSb-Naomar-Almeida-Filho\" width=\"700\" height=\"444\" \/><\/a><\/p>\n<div>\n<h3><span style=\"color: #000000;\">Bom humor e agradecimentos<\/span><\/h3>\n<p><span style=\"color: #000000;\">O reitor da UFSB, Naomar Monteiro de Almeida Filho, discursou sobre a experi\u00eancia de sediar o evento, exaltando o trabalho em equipe, o entusiasmo da equipe organizadora e o esfor\u00e7o realizado para evitar atrasos, vazios de agenda e para bem receber colegas e p\u00fablico. Naomar tamb\u00e9m colocou o Centro de Conven\u00e7\u00f5es \u00e0 disposi\u00e7\u00e3o das demais institui\u00e7\u00f5es para a realiza\u00e7\u00e3o de programa\u00e7\u00f5es acad\u00eamicas.O coordenador da comiss\u00e3o executiva local da 68\u00aa RA da SBPC, professor Carlos Caroso, celebrou a alegria com que os servidores e alunos trabalharam para preparar todos os detalhes.<\/span><\/p>\n<p><span style=\"color: #000000;\"> Em um discurso bem-humorado, Caroso contou como foi a reuni\u00e3o na qual a decis\u00e3o foi anunciada, brincou com a coopera\u00e7\u00e3o afinada entre os gestores da SBPC e da UFSB respons\u00e1veis pelo financiamento do evento e distribuiu agradecimentos.\u00a0Em sua fala, a presidente Helena Nader agradeceu \u00e0 UFSB, nas pessoas do reitor Naomar e dos professores Caroso, e dos respons\u00e1veis pela gest\u00e3o financeira, devido \u00e0 seguran\u00e7a e efici\u00eancia com que deram suporte \u00e0 organiza\u00e7\u00e3o. Nader tamb\u00e9m mencionou a carta redigida em conjunto com os representantes ind\u00edgenas, comentando sobre a variedade de lutas que precisam ser travadas para corrigir injusti\u00e7as. A riqueza de conte\u00fado relacionado \u00e0 hist\u00f3ria das ci\u00eancias no Brasil com o centen\u00e1rio da Academia Brasileira de Ci\u00eancias (ABC) e o cinquenten\u00e1rio da Sociedade Brasileira de Farmacologia e Terap\u00eautica Experimental (SBFTE), foi outro destaque feito por Nader, que finalizou afirmando que o Brasil tem solu\u00e7\u00e3o, ao citar a import\u00e2ncia dos jovens pesquisadores e da expans\u00e3o do acesso \u00e0 educa\u00e7\u00e3o.<\/span><\/p>\n<p><span style=\"color: #000000;\">Por fim, o reitor da Universidade Federal de Minas Gerais, Jaime Ram\u00edrez, disse de sua expectativa de sua institui\u00e7\u00e3o em receber bem a todos em 2017, 20 anos ap\u00f3s ter sediado a 49\u00aa RA. Ram\u00edrez afirmou que a UFMG, que se prepara para celebrar os seus 90 anos, estar\u00e1 preparada para a realiza\u00e7\u00e3o da 69\u00aa RA da SBPC.<\/span><\/p>\n<\/div>\n","protected":false},"excerpt":{"rendered":"<p>Ap\u00f3s sete dias intensos de confer\u00eancias, mesas-redondas, mostras de experimentos, debates sobre temas candentes e um show de intera\u00e7\u00e3o com a ci\u00eancia e a tecnologia, o Campus Sos\u00edgenes Costa se despediu da 68\u00aa Reuni\u00e3o Anual da Sociedade Brasileira para o Progresso da Ci\u00eancia (SBPC 2016) na solenidade ocorrida no Audit\u00f3rio Monte Pascoal 3, da UFSB, [&hellip;]<\/p>\n","protected":false},"author":7,"featured_media":11530,"comment_status":"open","ping_status":"open","sticky":false,"template":"","format":"standard","meta":{"footnotes":""},"categories":[8,1],"tags":[108],"class_list":["post-11529","post","type-post","status-publish","format-standard","has-post-thumbnail","hentry","category-educacao","category-noticias","tag-belmonte"],"_links":{"self":[{"href":"https:\/\/www.maisbn.com\/portal\/wp-json\/wp\/v2\/posts\/11529","targetHints":{"allow":["GET"]}}],"collection":[{"href":"https:\/\/www.maisbn.com\/portal\/wp-json\/wp\/v2\/posts"}],"about":[{"href":"https:\/\/www.maisbn.com\/portal\/wp-json\/wp\/v2\/types\/post"}],"author":[{"embeddable":true,"href":"https:\/\/www.maisbn.com\/portal\/wp-json\/wp\/v2\/users\/7"}],"replies":[{"embeddable":true,"href":"https:\/\/www.maisbn.com\/portal\/wp-json\/wp\/v2\/comments?post=11529"}],"version-history":[{"count":1,"href":"https:\/\/www.maisbn.com\/portal\/wp-json\/wp\/v2\/posts\/11529\/revisions"}],"predecessor-version":[{"id":11532,"href":"https:\/\/www.maisbn.com\/portal\/wp-json\/wp\/v2\/posts\/11529\/revisions\/11532"}],"wp:featuredmedia":[{"embeddable":true,"href":"https:\/\/www.maisbn.com\/portal\/wp-json\/wp\/v2\/media\/11530"}],"wp:attachment":[{"href":"https:\/\/www.maisbn.com\/portal\/wp-json\/wp\/v2\/media?parent=11529"}],"wp:term":[{"taxonomy":"category","embeddable":true,"href":"https:\/\/www.maisbn.com\/portal\/wp-json\/wp\/v2\/categories?post=11529"},{"taxonomy":"post_tag","embeddable":true,"href":"https:\/\/www.maisbn.com\/portal\/wp-json\/wp\/v2\/tags?post=11529"}],"curies":[{"name":"wp","href":"https:\/\/api.w.org\/{rel}","templated":true}]}}