{"id":11518,"date":"2016-07-11T16:12:33","date_gmt":"2016-07-11T19:12:33","guid":{"rendered":"http:\/\/www.maisbn.com\/portal\/?p=11518"},"modified":"2016-07-11T16:12:33","modified_gmt":"2016-07-11T19:12:33","slug":"janio-natal-e-janival-realizam-reuniao-com-pre-candidatos-e-correligionarios-em-belmonte","status":"publish","type":"post","link":"https:\/\/www.maisbn.com\/portal\/2016\/07\/janio-natal-e-janival-realizam-reuniao-com-pre-candidatos-e-correligionarios-em-belmonte\/","title":{"rendered":"J\u00e2nio Natal e Janival realizam reuni\u00e3o com pr\u00e9-candidatos e correligion\u00e1rios em Belmonte."},"content":{"rendered":"<p><span style=\"color: #000000;\">Aconteceu no \u00faltimo domingo (10\/07) uma reuni\u00e3o realizada pelo PTN-19 com os pr\u00e9-candidatos e correligion\u00e1rios da legenda e dos partidos coligados. O evento foi realizado na Fazenda ECOPALM onde os convidados foram recebidos pelo Deputado Estadual J\u00e2nio Natal e seu irm\u00e3o e pr\u00e9-candidato Janival Andrade.<\/span><\/p>\n<p><a href=\"http:\/\/www.maisbn.com\/portal\/wp-content\/uploads\/2016\/07\/reuniaojanionatal00006.jpg\"><img loading=\"lazy\" decoding=\"async\" class=\"aligncenter size-full wp-image-11519\" src=\"http:\/\/www.maisbn.com\/portal\/wp-content\/uploads\/2016\/07\/reuniaojanionatal00006.jpg\" alt=\"reuniaojanionatal00006\" width=\"650\" height=\"412\" \/><\/a><\/p>\n<p><span style=\"color: #000000;\">A reuni\u00e3o serviu para come\u00e7ar os preparativos da campanha e uma equipe de fot\u00f3grafos esteve presente para tirar as fotos dos futuros candidatos que ser\u00e3o usadas na campanha eleitoral. Durante a reuni\u00e3o tamb\u00e9m foram entregues, por parte dos pr\u00e9- candidatos, a documenta\u00e7\u00e3o exigida para o andamento do processo de registro de candidaturas.<\/span><\/p>\n<p><a href=\"http:\/\/www.maisbn.com\/portal\/wp-content\/uploads\/2016\/07\/reuniaojanionatal00002.jpg\"><img loading=\"lazy\" decoding=\"async\" class=\"aligncenter size-full wp-image-11520\" src=\"http:\/\/www.maisbn.com\/portal\/wp-content\/uploads\/2016\/07\/reuniaojanionatal00002.jpg\" alt=\"reuniaojanionatal00002\" width=\"650\" height=\"412\" \/><\/a><\/p>\n<p><span style=\"color: #000000;\">O Deputado Estadual J\u00e2nio Natal teve uma conversa com os seus partid\u00e1rios e mais uma vez afirmou que quem concorrer\u00e1 para Prefeito de Belmonte nas pr\u00f3ximas elei\u00e7\u00f5es ser\u00e1 o seu irm\u00e3o Janival. J\u00e2nio ainda falou das suas perspectivas e vis\u00e3o que est\u00e1 tendo da disputa que come\u00e7a a se desenhar. O mesmo ainda revelou que vem acompanhando os advers\u00e1rios para tra\u00e7ar a estrat\u00e9gia pol\u00edtica que levar\u00e1 Janival \u00e0 vit\u00f3ria nas elei\u00e7\u00f5es que est\u00e3o se aproximando.<\/span><\/p>\n<p><a href=\"http:\/\/www.maisbn.com\/portal\/wp-content\/uploads\/2016\/07\/reuniaojanionatal00003.jpg\"><img loading=\"lazy\" decoding=\"async\" class=\"aligncenter size-full wp-image-11521\" src=\"http:\/\/www.maisbn.com\/portal\/wp-content\/uploads\/2016\/07\/reuniaojanionatal00003.jpg\" alt=\"reuniaojanionatal00003\" width=\"650\" height=\"412\" \/><\/a><\/p>\n<p><span style=\"color: #000000;\">A organiza\u00e7\u00e3o do evento informou que cerca de 150 pessoas estavam presentes no evento e todos, logo ap\u00f3s os trabalhos, degustaram um delicioso almo\u00e7o oferecido pelo Deputado J\u00e2nio Natal e Janival.<\/span><\/p>\n","protected":false},"excerpt":{"rendered":"<p>Aconteceu no \u00faltimo domingo (10\/07) uma reuni\u00e3o realizada pelo PTN-19 com os pr\u00e9-candidatos e correligion\u00e1rios da legenda e dos partidos coligados. O evento foi realizado na Fazenda ECOPALM onde os convidados foram recebidos pelo Deputado Estadual J\u00e2nio Natal e seu irm\u00e3o e pr\u00e9-candidato Janival Andrade. A reuni\u00e3o serviu para come\u00e7ar os preparativos da campanha e [&hellip;]<\/p>\n","protected":false},"author":7,"featured_media":11519,"comment_status":"open","ping_status":"open","sticky":false,"template":"","format":"standard","meta":{"footnotes":""},"categories":[1,7],"tags":[108],"class_list":["post-11518","post","type-post","status-publish","format-standard","has-post-thumbnail","hentry","category-noticias","category-politica","tag-belmonte"],"_links":{"self":[{"href":"https:\/\/www.maisbn.com\/portal\/wp-json\/wp\/v2\/posts\/11518","targetHints":{"allow":["GET"]}}],"collection":[{"href":"https:\/\/www.maisbn.com\/portal\/wp-json\/wp\/v2\/posts"}],"about":[{"href":"https:\/\/www.maisbn.com\/portal\/wp-json\/wp\/v2\/types\/post"}],"author":[{"embeddable":true,"href":"https:\/\/www.maisbn.com\/portal\/wp-json\/wp\/v2\/users\/7"}],"replies":[{"embeddable":true,"href":"https:\/\/www.maisbn.com\/portal\/wp-json\/wp\/v2\/comments?post=11518"}],"version-history":[{"count":1,"href":"https:\/\/www.maisbn.com\/portal\/wp-json\/wp\/v2\/posts\/11518\/revisions"}],"predecessor-version":[{"id":11522,"href":"https:\/\/www.maisbn.com\/portal\/wp-json\/wp\/v2\/posts\/11518\/revisions\/11522"}],"wp:featuredmedia":[{"embeddable":true,"href":"https:\/\/www.maisbn.com\/portal\/wp-json\/wp\/v2\/media\/11519"}],"wp:attachment":[{"href":"https:\/\/www.maisbn.com\/portal\/wp-json\/wp\/v2\/media?parent=11518"}],"wp:term":[{"taxonomy":"category","embeddable":true,"href":"https:\/\/www.maisbn.com\/portal\/wp-json\/wp\/v2\/categories?post=11518"},{"taxonomy":"post_tag","embeddable":true,"href":"https:\/\/www.maisbn.com\/portal\/wp-json\/wp\/v2\/tags?post=11518"}],"curies":[{"name":"wp","href":"https:\/\/api.w.org\/{rel}","templated":true}]}}