{"id":11487,"date":"2016-07-09T15:59:26","date_gmt":"2016-07-09T18:59:26","guid":{"rendered":"http:\/\/www.maisbn.com\/portal\/?p=11487"},"modified":"2016-07-09T15:59:26","modified_gmt":"2016-07-09T18:59:26","slug":"comunidade-belmontense-presente-na-68a-reuniao-anual-da-sbpc-em-porto-seguro","status":"publish","type":"post","link":"https:\/\/www.maisbn.com\/portal\/2016\/07\/comunidade-belmontense-presente-na-68a-reuniao-anual-da-sbpc-em-porto-seguro\/","title":{"rendered":"Comunidade belmontense presente na 68\u00aa Reuni\u00e3o Anual da SBPC em Porto Seguro."},"content":{"rendered":"<p><span style=\"color: #000000;\">Chega ao fim nesse s\u00e1bado (09\/07) a 68\u00aa Reuni\u00e3o Anual da Sociedade Brasileira para o Progresso da Ci\u00eancia (SBPC), realizada no Campus Sos\u00edgenes Costa da Universidade Federal do Sul da Bahia (UFSB) em Porto Seguro.<\/span><\/p>\n<p><a href=\"http:\/\/www.maisbn.com\/portal\/wp-content\/uploads\/2016\/07\/SBPCportoseguro00009.jpg\"><img loading=\"lazy\" decoding=\"async\" class=\"aligncenter size-full wp-image-11488\" src=\"http:\/\/www.maisbn.com\/portal\/wp-content\/uploads\/2016\/07\/SBPCportoseguro00009.jpg\" alt=\"SBPCportoseguro00009\" width=\"650\" height=\"412\" \/><\/a><\/p>\n<p><span style=\"color: #000000;\">Realizada desde 1948, com a participa\u00e7\u00e3o de representantes de sociedades cient\u00edficas, autoridades e gestores do sistema nacional de ci\u00eancia e tecnologia, a Reuni\u00e3o Anual da SBPC \u00e9 um importante f\u00f3rum para a difus\u00e3o dos avan\u00e7os da ci\u00eancia nas diversas \u00e1reas do conhecimento e um f\u00f3rum de debates de pol\u00edticas p\u00fablicas para a ci\u00eancia e tecnologia.<\/span><\/p>\n<p><a href=\"http:\/\/www.maisbn.com\/portal\/wp-content\/uploads\/2016\/07\/SBPCportoseguro00056.jpg\"><img loading=\"lazy\" decoding=\"async\" class=\"aligncenter wp-image-11489 size-full\" src=\"http:\/\/www.maisbn.com\/portal\/wp-content\/uploads\/2016\/07\/SBPCportoseguro00056.jpg\" alt=\"\" width=\"650\" height=\"412\" \/><\/a><\/p>\n<p><span style=\"color: #000000;\">A programa\u00e7\u00e3o cient\u00edfica \u00e9, geralmente, composta por confer\u00eancias, mesas-redondas, encontros, sess\u00f5es especiais, minicursos e sess\u00f5es de p\u00f4steres. Tamb\u00e9m s\u00e3o realizadas outras atividades, como a SBPC Jovem (programa\u00e7\u00e3o voltada para estudantes do ensino b\u00e1sico), a ExpoT&amp;C (mostra de ci\u00eancia e tecnologia) e a SBPC Cultural (apresenta\u00e7\u00e3o de atividades art\u00edsticas regionais e discuss\u00f5es sobre temas relacionados \u00e0 cultura).<\/span><\/p>\n<p><strong><span style=\"color: #000000;\">Alunos e professores da rede p\u00fablica de ensino belmontense presentes na SBPC.<\/span><\/strong><\/p>\n<div id=\"attachment_11491\" style=\"width: 660px\" class=\"wp-caption aligncenter\"><a href=\"http:\/\/www.maisbn.com\/portal\/wp-content\/uploads\/2016\/07\/SBPCportoseguro00110.jpg\"><img loading=\"lazy\" decoding=\"async\" aria-describedby=\"caption-attachment-11491\" class=\"wp-image-11491 size-full\" src=\"http:\/\/www.maisbn.com\/portal\/wp-content\/uploads\/2016\/07\/SBPCportoseguro00110.jpg\" alt=\"SBPCportoseguro00110\" width=\"650\" height=\"412\" \/><\/a><p id=\"caption-attachment-11491\" class=\"wp-caption-text\">Alunos e professores da Funda\u00e7\u00e3o Educacional Pedro Calmon.<\/p><\/div>\n<p><span style=\"color: #000000;\">Por interm\u00e9dio da Secretaria de Educa\u00e7\u00e3o de Belmonte, os alunos da rede p\u00fablica da cidade visitaram a SBPC e ficaram impressionados com o que viram. Andr\u00e9ia, diretora da Funda\u00e7\u00e3o Educacional Pedro Calmon, comentou com nossa equipe que achou importante a iniciativa da Secretaria de Educa\u00e7\u00e3o de Belmonte de proporcionar os meios para as escolas visitarem o evento. &#8220;Agradecemos ao Secret\u00e1rio Claudio pela sensibilidade em nos apoiar para estarmos presentes nesse evento. Com certeza o que estamos vendo aqui ser\u00e1 muito importante no processo de aprendizagem dos alunos.&#8221; &#8211; Comentou Andr\u00e9ia.<br \/>\n<\/span><\/p>\n<p><a href=\"http:\/\/www.maisbn.com\/portal\/wp-content\/uploads\/2016\/07\/SBPCportoseguro00121.jpg\"><img loading=\"lazy\" decoding=\"async\" class=\"aligncenter size-full wp-image-11492\" src=\"http:\/\/www.maisbn.com\/portal\/wp-content\/uploads\/2016\/07\/SBPCportoseguro00121.jpg\" alt=\"SBPCportoseguro00121\" width=\"650\" height=\"412\" \/><\/a><\/p>\n<p><span style=\"color: #000000;\">O professor Williann, da Funda\u00e7\u00e3o Educacional Pedro Calmon, comentou com nossa reportagem que foi gratificante visitar o evento e que os alunos ficaram maravilhados com o que viram. &#8220;Aqui tem muitos exemplos que ser\u00e3o abordados na sala de aula e \u00e9 bom para os alunos porque serve como incentivo para eles estudarem e pesquisarem ainda mais pra alcan\u00e7ar o n\u00edvel acad\u00eamico mostrado aqui.&#8221; &#8211; Comentou o professor.<\/span><\/p>\n<div id=\"attachment_11493\" style=\"width: 660px\" class=\"wp-caption aligncenter\"><a href=\"http:\/\/www.maisbn.com\/portal\/wp-content\/uploads\/2016\/07\/SBPCportoseguro00106.jpg\"><img loading=\"lazy\" decoding=\"async\" aria-describedby=\"caption-attachment-11493\" class=\"wp-image-11493 size-full\" src=\"http:\/\/www.maisbn.com\/portal\/wp-content\/uploads\/2016\/07\/SBPCportoseguro00106.jpg\" alt=\"SBPCportoseguro00106\" width=\"650\" height=\"412\" \/><\/a><p id=\"caption-attachment-11493\" class=\"wp-caption-text\">Professores e Diretor do Col\u00e9gio Municipal Edgard Santos.<\/p><\/div>\n<p><span style=\"color: #000000;\">Tamb\u00e9m encontramos com os professores e alunos do Col\u00e9gio Edigard Santos. Eles tamb\u00e9m ficaram impressionado com o que viram. &#8220;N\u00f3s s\u00f3 temos a agradecer \u00e0 Secretaria Municipal de Educa\u00e7\u00e3o que nos deu os meios de estar aqui nesse evento. Nossos alunos e professores est\u00e3o impressionados com tudo que est\u00e1 sendo mostrado. A viagem valeu a pena.&#8221; &#8211; Comentou Cristian Dantas, Diretor do Col\u00e9gio Edgard Santos.<\/span><\/p>\n<div id=\"attachment_11494\" style=\"width: 660px\" class=\"wp-caption aligncenter\"><a href=\"http:\/\/www.maisbn.com\/portal\/wp-content\/uploads\/2016\/07\/SBPCportoseguro00003.jpg\"><img loading=\"lazy\" decoding=\"async\" aria-describedby=\"caption-attachment-11494\" class=\"wp-image-11494 size-full\" src=\"http:\/\/www.maisbn.com\/portal\/wp-content\/uploads\/2016\/07\/SBPCportoseguro00003.jpg\" alt=\"SBPCportoseguro00003\" width=\"650\" height=\"412\" \/><\/a><p id=\"caption-attachment-11494\" class=\"wp-caption-text\">Alunos do Complexo Escolar Polivalente de Belmonte.<\/p><\/div>\n<p><span style=\"color: #000000;\">Outra escola que tamb\u00e9m esteve presente foi o Complexo Escolar Polivalente de Belmonte. Os professores gostaram do que viram e afirmaram que foi muito bom para os alunos porque o mesmo tiveram em contato com um mundo ainda desconhecido e que eles podem explorar e crescer muito, basta se dedica aos estudos.<\/span><\/p>\n<div id=\"attachment_11495\" style=\"width: 660px\" class=\"wp-caption aligncenter\"><a href=\"http:\/\/www.maisbn.com\/portal\/wp-content\/uploads\/2016\/07\/SBPCportoseguro00107.jpg\"><img loading=\"lazy\" decoding=\"async\" aria-describedby=\"caption-attachment-11495\" class=\"wp-image-11495 size-full\" src=\"http:\/\/www.maisbn.com\/portal\/wp-content\/uploads\/2016\/07\/SBPCportoseguro00107.jpg\" alt=\"SBPCportoseguro00107\" width=\"650\" height=\"412\" \/><\/a><p id=\"caption-attachment-11495\" class=\"wp-caption-text\">Representantes do Instituto M\u00e3e Terra<\/p><\/div>\n<p><span style=\"color: #000000;\">Outros grupos belmontenses tamb\u00e9m visitaram a SBPC como o Instituto M\u00e3e Terra, uma iniciativa local apoiada pela Veracel que treina pessoas para trabalhar junto \u00e0 popula\u00e7\u00e3o com o objetivo de criar projetos comunit\u00e1rios que ser\u00e3o apoiados pela empresa.<\/span><\/p>\n<p><span style=\"color: #000000;\">Ainda muitos belmontenses visitaram a SBPC de forma individual e todos gostaram do evento considerado uma grande vit\u00f3ria para a inser\u00e7\u00e3o da Costa do Descobrimento no mundo acad\u00eamico nacional.<\/span><\/p>\n<p>&nbsp;<\/p>\n","protected":false},"excerpt":{"rendered":"<p>Chega ao fim nesse s\u00e1bado (09\/07) a 68\u00aa Reuni\u00e3o Anual da Sociedade Brasileira para o Progresso da Ci\u00eancia (SBPC), realizada no Campus Sos\u00edgenes Costa da Universidade Federal do Sul da Bahia (UFSB) em Porto Seguro. Realizada desde 1948, com a participa\u00e7\u00e3o de representantes de sociedades cient\u00edficas, autoridades e gestores do sistema nacional de ci\u00eancia e [&hellip;]<\/p>\n","protected":false},"author":7,"featured_media":11488,"comment_status":"open","ping_status":"open","sticky":false,"template":"","format":"standard","meta":{"footnotes":""},"categories":[8,1],"tags":[108],"class_list":["post-11487","post","type-post","status-publish","format-standard","has-post-thumbnail","hentry","category-educacao","category-noticias","tag-belmonte"],"_links":{"self":[{"href":"https:\/\/www.maisbn.com\/portal\/wp-json\/wp\/v2\/posts\/11487","targetHints":{"allow":["GET"]}}],"collection":[{"href":"https:\/\/www.maisbn.com\/portal\/wp-json\/wp\/v2\/posts"}],"about":[{"href":"https:\/\/www.maisbn.com\/portal\/wp-json\/wp\/v2\/types\/post"}],"author":[{"embeddable":true,"href":"https:\/\/www.maisbn.com\/portal\/wp-json\/wp\/v2\/users\/7"}],"replies":[{"embeddable":true,"href":"https:\/\/www.maisbn.com\/portal\/wp-json\/wp\/v2\/comments?post=11487"}],"version-history":[{"count":2,"href":"https:\/\/www.maisbn.com\/portal\/wp-json\/wp\/v2\/posts\/11487\/revisions"}],"predecessor-version":[{"id":11497,"href":"https:\/\/www.maisbn.com\/portal\/wp-json\/wp\/v2\/posts\/11487\/revisions\/11497"}],"wp:featuredmedia":[{"embeddable":true,"href":"https:\/\/www.maisbn.com\/portal\/wp-json\/wp\/v2\/media\/11488"}],"wp:attachment":[{"href":"https:\/\/www.maisbn.com\/portal\/wp-json\/wp\/v2\/media?parent=11487"}],"wp:term":[{"taxonomy":"category","embeddable":true,"href":"https:\/\/www.maisbn.com\/portal\/wp-json\/wp\/v2\/categories?post=11487"},{"taxonomy":"post_tag","embeddable":true,"href":"https:\/\/www.maisbn.com\/portal\/wp-json\/wp\/v2\/tags?post=11487"}],"curies":[{"name":"wp","href":"https:\/\/api.w.org\/{rel}","templated":true}]}}