{"id":11471,"date":"2016-07-06T20:58:04","date_gmt":"2016-07-06T23:58:04","guid":{"rendered":"http:\/\/www.maisbn.com\/portal\/?p=11471"},"modified":"2016-07-06T20:58:04","modified_gmt":"2016-07-06T23:58:04","slug":"uso-do-farol-baixo-em-rodovias-durante-o-dia-passar-a-ser-obrigatorio-a-partir-de-sexta","status":"publish","type":"post","link":"https:\/\/www.maisbn.com\/portal\/2016\/07\/uso-do-farol-baixo-em-rodovias-durante-o-dia-passar-a-ser-obrigatorio-a-partir-de-sexta\/","title":{"rendered":"Uso do farol baixo em rodovias durante o dia passar a ser obrigat\u00f3rio a partir de sexta."},"content":{"rendered":"<p><a href=\"http:\/\/www.maisbn.com\/portal\/wp-content\/uploads\/2016\/07\/farolalto.jpg\"><img loading=\"lazy\" decoding=\"async\" class=\"aligncenter size-full wp-image-11472\" src=\"http:\/\/www.maisbn.com\/portal\/wp-content\/uploads\/2016\/07\/farolalto.jpg\" alt=\"farolalto\" width=\"620\" height=\"387\" \/><\/a><\/p>\n<p><span style=\"color: #000000;\">Passa a ser obrigat\u00f3rio a partir desta sexta (8) o uso do farol baixo em rodovias durante o dia. O motorista que infringir a nova legisla\u00e7\u00e3o ser\u00e1 multado de R$ 85,13 e ter\u00e1 quatro pontos marcados na carteira de habilita\u00e7\u00e3o. A inten\u00e7\u00e3o \u00e9 que a medida aumente a seguran\u00e7a nas estradas, reduzindo o n\u00famero de acidentes frontais. De acordo com a Pol\u00edcia Rodovi\u00e1ria Federal, o farol ligado durante o dia permite que o ve\u00edculo seja visto a uma dist\u00e2ncia de tr\u00eas quil\u00f4metros por quem trafega no sentido contr\u00e1rio. A legisla\u00e7\u00e3o n\u00e3o permite que o farol baixo seja substitu\u00eddo pelo farol de milha, farol de neblina ou farolete. O uso do farol baixo durante o dia j\u00e1 \u00e9 exigido para \u00f4nibus, ao circularem em vias pr\u00f3prias, e motocicletas, al\u00e9m de todos os ve\u00edculos durante a noite e em t\u00faneis, independentemente do hor\u00e1rio.\u00a0<\/span><\/p>\n","protected":false},"excerpt":{"rendered":"<p>Passa a ser obrigat\u00f3rio a partir desta sexta (8) o uso do farol baixo em rodovias durante o dia. O motorista que infringir a nova legisla\u00e7\u00e3o ser\u00e1 multado de R$ 85,13 e ter\u00e1 quatro pontos marcados na carteira de habilita\u00e7\u00e3o. A inten\u00e7\u00e3o \u00e9 que a medida aumente a seguran\u00e7a nas estradas, reduzindo o n\u00famero de [&hellip;]<\/p>\n","protected":false},"author":7,"featured_media":11472,"comment_status":"open","ping_status":"open","sticky":false,"template":"","format":"standard","meta":{"footnotes":""},"categories":[45,1],"tags":[108],"class_list":["post-11471","post","type-post","status-publish","format-standard","has-post-thumbnail","hentry","category-cidades","category-noticias","tag-belmonte"],"_links":{"self":[{"href":"https:\/\/www.maisbn.com\/portal\/wp-json\/wp\/v2\/posts\/11471","targetHints":{"allow":["GET"]}}],"collection":[{"href":"https:\/\/www.maisbn.com\/portal\/wp-json\/wp\/v2\/posts"}],"about":[{"href":"https:\/\/www.maisbn.com\/portal\/wp-json\/wp\/v2\/types\/post"}],"author":[{"embeddable":true,"href":"https:\/\/www.maisbn.com\/portal\/wp-json\/wp\/v2\/users\/7"}],"replies":[{"embeddable":true,"href":"https:\/\/www.maisbn.com\/portal\/wp-json\/wp\/v2\/comments?post=11471"}],"version-history":[{"count":1,"href":"https:\/\/www.maisbn.com\/portal\/wp-json\/wp\/v2\/posts\/11471\/revisions"}],"predecessor-version":[{"id":11473,"href":"https:\/\/www.maisbn.com\/portal\/wp-json\/wp\/v2\/posts\/11471\/revisions\/11473"}],"wp:featuredmedia":[{"embeddable":true,"href":"https:\/\/www.maisbn.com\/portal\/wp-json\/wp\/v2\/media\/11472"}],"wp:attachment":[{"href":"https:\/\/www.maisbn.com\/portal\/wp-json\/wp\/v2\/media?parent=11471"}],"wp:term":[{"taxonomy":"category","embeddable":true,"href":"https:\/\/www.maisbn.com\/portal\/wp-json\/wp\/v2\/categories?post=11471"},{"taxonomy":"post_tag","embeddable":true,"href":"https:\/\/www.maisbn.com\/portal\/wp-json\/wp\/v2\/tags?post=11471"}],"curies":[{"name":"wp","href":"https:\/\/api.w.org\/{rel}","templated":true}]}}