{"id":11468,"date":"2016-07-06T11:31:29","date_gmt":"2016-07-06T14:31:29","guid":{"rendered":"http:\/\/www.maisbn.com\/portal\/?p=11468"},"modified":"2016-07-06T11:31:29","modified_gmt":"2016-07-06T14:31:29","slug":"veracel-25-anos-celulose-da-bahia-para-o-mundo","status":"publish","type":"post","link":"https:\/\/www.maisbn.com\/portal\/2016\/07\/veracel-25-anos-celulose-da-bahia-para-o-mundo\/","title":{"rendered":"Veracel 25 Anos. Celulose da Bahia para o Mundo."},"content":{"rendered":"<div class=\"td-post-text-content\">\n<p><a href=\"http:\/\/www.maisbn.com\/portal\/wp-content\/uploads\/2016\/07\/1467654800Veracel-Fabrica-1-700x466.jpg\"><img loading=\"lazy\" decoding=\"async\" class=\"aligncenter size-full wp-image-11469\" src=\"http:\/\/www.maisbn.com\/portal\/wp-content\/uploads\/2016\/07\/1467654800Veracel-Fabrica-1-700x466.jpg\" alt=\"1467654800Veracel-Fabrica-1-700x466\" width=\"700\" height=\"466\" \/><\/a><\/p>\n<p><span style=\"color: #000000;\">A Veracel Celulose celebra 25 anos de atua\u00e7\u00e3o com o lan\u00e7amento da campanha \u201cVeracel 25 Anos. Celulose da Bahia para o Mundo\u201d.<\/span><\/p>\n<p><span style=\"color: #000000;\">A campanha que, compreende a\u00e7\u00f5es de publicidade, internet e eventos, ir\u00e1 refor\u00e7ar os valores da empresa a partir de depoimentos de colaboradores, parceiros, fornecedores e tamb\u00e9m das comunidades vizinhas.<\/span><\/p>\n<p><span style=\"color: #000000;\">Temas como: comprometimento com resultados, di\u00e1logo, transpar\u00eancia, meio ambiente, responsabilidade social, satisfa\u00e7\u00e3o de clientes e compromisso com pessoas ir\u00e3o aproximar a Veracel de quem deseja conhecer mais sobre como \u00e9 produzir celulose de alta qualidade de forma sustent\u00e1vel da Bahia para o Mundo.<\/span><\/p>\n<p><span style=\"color: #000000;\">A Veracel Celulose agradece e parabeniza a todos que fazem parte dessa hist\u00f3ria e convida para uma visita ao site:<\/span> <a href=\"http:\/\/www.veracel.com.br\/25anos\">http:\/\/www.veracel.com.br\/25anos<\/a><\/p>\n<\/div>\n","protected":false},"excerpt":{"rendered":"<p>A Veracel Celulose celebra 25 anos de atua\u00e7\u00e3o com o lan\u00e7amento da campanha \u201cVeracel 25 Anos. Celulose da Bahia para o Mundo\u201d. A campanha que, compreende a\u00e7\u00f5es de publicidade, internet e eventos, ir\u00e1 refor\u00e7ar os valores da empresa a partir de depoimentos de colaboradores, parceiros, fornecedores e tamb\u00e9m das comunidades vizinhas. Temas como: comprometimento com [&hellip;]<\/p>\n","protected":false},"author":7,"featured_media":11469,"comment_status":"open","ping_status":"open","sticky":false,"template":"","format":"standard","meta":{"footnotes":""},"categories":[29,1],"tags":[108],"class_list":["post-11468","post","type-post","status-publish","format-standard","has-post-thumbnail","hentry","category-empreendimentos","category-noticias","tag-belmonte"],"_links":{"self":[{"href":"https:\/\/www.maisbn.com\/portal\/wp-json\/wp\/v2\/posts\/11468","targetHints":{"allow":["GET"]}}],"collection":[{"href":"https:\/\/www.maisbn.com\/portal\/wp-json\/wp\/v2\/posts"}],"about":[{"href":"https:\/\/www.maisbn.com\/portal\/wp-json\/wp\/v2\/types\/post"}],"author":[{"embeddable":true,"href":"https:\/\/www.maisbn.com\/portal\/wp-json\/wp\/v2\/users\/7"}],"replies":[{"embeddable":true,"href":"https:\/\/www.maisbn.com\/portal\/wp-json\/wp\/v2\/comments?post=11468"}],"version-history":[{"count":1,"href":"https:\/\/www.maisbn.com\/portal\/wp-json\/wp\/v2\/posts\/11468\/revisions"}],"predecessor-version":[{"id":11470,"href":"https:\/\/www.maisbn.com\/portal\/wp-json\/wp\/v2\/posts\/11468\/revisions\/11470"}],"wp:featuredmedia":[{"embeddable":true,"href":"https:\/\/www.maisbn.com\/portal\/wp-json\/wp\/v2\/media\/11469"}],"wp:attachment":[{"href":"https:\/\/www.maisbn.com\/portal\/wp-json\/wp\/v2\/media?parent=11468"}],"wp:term":[{"taxonomy":"category","embeddable":true,"href":"https:\/\/www.maisbn.com\/portal\/wp-json\/wp\/v2\/categories?post=11468"},{"taxonomy":"post_tag","embeddable":true,"href":"https:\/\/www.maisbn.com\/portal\/wp-json\/wp\/v2\/tags?post=11468"}],"curies":[{"name":"wp","href":"https:\/\/api.w.org\/{rel}","templated":true}]}}