{"id":11446,"date":"2016-07-04T15:56:31","date_gmt":"2016-07-04T18:56:31","guid":{"rendered":"http:\/\/www.maisbn.com\/portal\/?p=11446"},"modified":"2016-07-04T15:56:31","modified_gmt":"2016-07-04T18:56:31","slug":"juventude-belmontense-se-destaca-no-programa-jovem-aprendiz-da-veracel-celulose","status":"publish","type":"post","link":"https:\/\/www.maisbn.com\/portal\/2016\/07\/juventude-belmontense-se-destaca-no-programa-jovem-aprendiz-da-veracel-celulose\/","title":{"rendered":"Juventude belmontense se destaca no Programa Jovem Aprendiz da Veracel Celulose."},"content":{"rendered":"<p><span style=\"color: #000000;\">Os alunos do curso de Jovem Aprendiz na Veracel, da turma de 2015, conclu\u00edram as atividades no final do m\u00eas de Junho, com a cerim\u00f4nia na f\u00e1brica da empresa. Vinte alunos, em sua maioria do munic\u00edpio de Belmonte, foram selecionados entre mais de 700 candidatos para participar do Programa, realizado em parceria com o Senai. Dentre eles, quatro jovens permanecer\u00e3o como estagi\u00e1rios ou em contrato tempor\u00e1rio na Veracel e outros dever\u00e3o ser contratados por empresas parceiras.<\/span><\/p>\n<p><a href=\"http:\/\/www.maisbn.com\/portal\/wp-content\/uploads\/2016\/07\/jovemaprendizveracel00002.jpg\"><img loading=\"lazy\" decoding=\"async\" class=\"aligncenter size-full wp-image-11449\" src=\"http:\/\/www.maisbn.com\/portal\/wp-content\/uploads\/2016\/07\/jovemaprendizveracel00002.jpg\" alt=\"jovemaprendizveracel00002\" width=\"650\" height=\"412\" \/><\/a><\/p>\n<p><span style=\"color: #000000;\">Foram quatro meses de aulas te\u00f3ricas e 10 meses de atividades pr\u00e1ticas do curso de Rotinas Administrativas Industriais em diferentes \u00e1reas da empresa. O curso \u00e9 importante para Veracel, pois prepara jovens para o mercado de trabalho, oferecendo experi\u00eancia profissional, oportunidades e conhecimento, qualificando jovens dos munic\u00edpios do entorno da empresa. \u201cEles puderam agregar valor daquilo que aprenderam aqui para suas vidas tanto profissional quanto pessoal\u201d, afirmou o coordenador de Recursos Humanos, Marcos Daniel.<\/span><\/p>\n<p><span style=\"color: #000000;\">Para a jovem moradora de Belmonte, Andressa Campos Freitas, que ser\u00e1 contratada como assistente administrativo tempor\u00e1rio na \u00e1rea de Sustentabilidade da Veracel, a experi\u00eancia foi uma oportunidade de desenvolvimento profissional e pessoal. \u201cFoi maravilhoso para minha vida. Cresci bastante e vou continuar me desenvolvendo, tanto aqui quanto na minha vida l\u00e1 fora\u201d, comentou.<\/span><\/p>\n<p><a href=\"http:\/\/www.maisbn.com\/portal\/wp-content\/uploads\/2016\/07\/jovemaprendizveracel00001.jpg\"><img loading=\"lazy\" decoding=\"async\" class=\"aligncenter size-full wp-image-11450\" src=\"http:\/\/www.maisbn.com\/portal\/wp-content\/uploads\/2016\/07\/jovemaprendizveracel00001.jpg\" alt=\"jovemaprendizveracel00001\" width=\"650\" height=\"412\" \/><\/a><\/p>\n<p><span style=\"color: #000000;\">A coordenadora de Comunica\u00e7\u00e3o da empresa, D\u00e9bora Jorge, comenta que os jovens poder\u00e3o se destacar por meio de atitudes e da forma de aproveitar as oportunidades que surgirem a partir de agora. Al\u00e9m deles, a empresa tamb\u00e9m aprende muito com a vitalidade criativa destes jovens e com a miss\u00e3o generosa de desenvolv\u00ea-los\u201d, enfatizou.<\/span><\/p>\n<p><span style=\"color: #000000;\">Os resultados obtidos com o curso j\u00e1 s\u00e3o realidade na vida de Esdras Concei\u00e7\u00e3o, morador de Barrol\u00e2ndia. Esdras come\u00e7ou como jovem aprendiz e logo depois ingressou no curso de Operador de Obten\u00e7\u00e3o de Celulose. \u201cEvoluir cada dia mais e permanecer firme na Veracel, esse \u00e9 meu sonho\u201d destacou.<\/span><\/p>\n<p><span style=\"color: #000000;\">A turma de 2016 do Programa Jovem Aprendiz ser\u00e1 iniciada agora em Julho, com jovens selecionados de Eun\u00e1polis e Porto Seguro.<\/span><\/p>\n","protected":false},"excerpt":{"rendered":"<p>Os alunos do curso de Jovem Aprendiz na Veracel, da turma de 2015, conclu\u00edram as atividades no final do m\u00eas de Junho, com a cerim\u00f4nia na f\u00e1brica da empresa. Vinte alunos, em sua maioria do munic\u00edpio de Belmonte, foram selecionados entre mais de 700 candidatos para participar do Programa, realizado em parceria com o Senai. [&hellip;]<\/p>\n","protected":false},"author":7,"featured_media":11449,"comment_status":"open","ping_status":"open","sticky":false,"template":"","format":"standard","meta":{"footnotes":""},"categories":[9,1],"tags":[108],"class_list":["post-11446","post","type-post","status-publish","format-standard","has-post-thumbnail","hentry","category-concursos-oportunidades","category-noticias","tag-belmonte"],"_links":{"self":[{"href":"https:\/\/www.maisbn.com\/portal\/wp-json\/wp\/v2\/posts\/11446","targetHints":{"allow":["GET"]}}],"collection":[{"href":"https:\/\/www.maisbn.com\/portal\/wp-json\/wp\/v2\/posts"}],"about":[{"href":"https:\/\/www.maisbn.com\/portal\/wp-json\/wp\/v2\/types\/post"}],"author":[{"embeddable":true,"href":"https:\/\/www.maisbn.com\/portal\/wp-json\/wp\/v2\/users\/7"}],"replies":[{"embeddable":true,"href":"https:\/\/www.maisbn.com\/portal\/wp-json\/wp\/v2\/comments?post=11446"}],"version-history":[{"count":1,"href":"https:\/\/www.maisbn.com\/portal\/wp-json\/wp\/v2\/posts\/11446\/revisions"}],"predecessor-version":[{"id":11451,"href":"https:\/\/www.maisbn.com\/portal\/wp-json\/wp\/v2\/posts\/11446\/revisions\/11451"}],"wp:featuredmedia":[{"embeddable":true,"href":"https:\/\/www.maisbn.com\/portal\/wp-json\/wp\/v2\/media\/11449"}],"wp:attachment":[{"href":"https:\/\/www.maisbn.com\/portal\/wp-json\/wp\/v2\/media?parent=11446"}],"wp:term":[{"taxonomy":"category","embeddable":true,"href":"https:\/\/www.maisbn.com\/portal\/wp-json\/wp\/v2\/categories?post=11446"},{"taxonomy":"post_tag","embeddable":true,"href":"https:\/\/www.maisbn.com\/portal\/wp-json\/wp\/v2\/tags?post=11446"}],"curies":[{"name":"wp","href":"https:\/\/api.w.org\/{rel}","templated":true}]}}