{"id":11434,"date":"2016-07-03T19:04:01","date_gmt":"2016-07-03T22:04:01","guid":{"rendered":"http:\/\/www.maisbn.com\/portal\/?p=11434"},"modified":"2016-07-03T19:07:08","modified_gmt":"2016-07-03T22:07:08","slug":"08-alunos-do-curso-de-bombeiro-civil-de-belmonte-sao-selecionados-para-estagiar-na-veracel","status":"publish","type":"post","link":"https:\/\/www.maisbn.com\/portal\/2016\/07\/08-alunos-do-curso-de-bombeiro-civil-de-belmonte-sao-selecionados-para-estagiar-na-veracel\/","title":{"rendered":"08 alunos do Curso de Bombeiro Civil de Belmonte s\u00e3o selecionados para estagiar na Veracel."},"content":{"rendered":"<p><span style=\"color: #000000;\">A capacita\u00e7\u00e3o profissional em Belmonte sempre foi um problema pela falta de cursos e tamb\u00e9m de disposi\u00e7\u00e3o de muitos jovens em participar e se preparar para o mercado de trabalho que est\u00e1 cada vez mais competitivo. Mas, felizmente, essa realidade est\u00e1 mudando e podemos citar como exemplo a vit\u00f3ria conquistada pelos alunos do Curso de Bombeiros Civis. A Fire Bahia, empresa que ministra o curso, conseguiu junto \u00e0 Veracel 08 vagas para um est\u00e1gio remunerado na Parada Geral de Manuten\u00e7\u00e3o da F\u00e1brica da Veracel Celulose.<\/span><\/p>\n<p><a href=\"http:\/\/www.maisbn.com\/portal\/wp-content\/uploads\/2016\/07\/Bombeirosfire01.jpg\"><img loading=\"lazy\" decoding=\"async\" class=\"aligncenter size-full wp-image-11436\" src=\"http:\/\/www.maisbn.com\/portal\/wp-content\/uploads\/2016\/07\/Bombeirosfire01.jpg\" alt=\"Bombeirosfire01\" width=\"650\" height=\"412\" \/><\/a><\/p>\n<p><span style=\"color: #000000;\">Os estagi\u00e1rios selecionados exercer\u00e3o a fun\u00e7\u00e3o de vigia de espa\u00e7o confinado e ter\u00e3o como atribui\u00e7\u00e3o permanecer fora do espa\u00e7o em quest\u00e3o cuidando do acompanhamento, comunica\u00e7\u00e3o e ordem de abandono para os trabalhadores que est\u00e3o trabalhando na \u00e1rea em quest\u00e3o, caso algum problema seja detectado. Os alunos que se destacaram no treinamento, que n\u00e3o tem emprego e que estavam com os pagamentos do curso em dia foram os escolhidos para o est\u00e1gio. Foram eles: Adroaldo Bittencourt, Davi Oliveira, Amanda Luiza, Anderson Gabriel, Josias Farias, <span class=\"_5yl5\">Jussiara Carvalho, <\/span><span class=\"_5yl5\">Murilo Marques <\/span><span class=\"_5yl5\">e Marisa Ara\u00fajo. &#8220;\u00c9 uma grande oportunidade. Muitos bombeiros n\u00e3o tem essa chance em come\u00e7o de carreira como n\u00f3s estamos tendo. Vamos abra\u00e7ar com todas as for\u00e7as essa oportunidade.&#8221; &#8211; Comentou Davi Oliveira, um dos selecionados.<br \/>\n<\/span><\/span><\/p>\n<p><a href=\"http:\/\/www.maisbn.com\/portal\/wp-content\/uploads\/2016\/07\/Bombeirosfire02.jpg\"><img loading=\"lazy\" decoding=\"async\" class=\"aligncenter size-full wp-image-11437\" src=\"http:\/\/www.maisbn.com\/portal\/wp-content\/uploads\/2016\/07\/Bombeirosfire02.jpg\" alt=\"Bombeirosfire02\" width=\"650\" height=\"412\" \/><\/a><\/p>\n<p><span style=\"color: #000000;\">Por enquanto os alunos est\u00e3o com um contrato com a Veracel s\u00f3 para a Parada Geral, s\u00f3 que, esses jovens profissionais em forma\u00e7\u00e3o estar\u00e3o em contato com v\u00e1rias empresas e poder\u00e3o, conforme o desenvolvimento do trabalho de cada um, conquistar uma vaga de trabalho.<br \/>\n<\/span><\/p>\n<p><span style=\"color: #000000;\">Os estagi\u00e1rios come\u00e7ar\u00e3o a trabalhar no pr\u00f3ximo dia 11\/07, mas antes os mesmos passar\u00e3o por um curso na Fire Bahia direcionado \u00e0s atividades que os mesmos v\u00e3o desempenhar.<\/span><\/p>\n<p>&nbsp;<\/p>\n","protected":false},"excerpt":{"rendered":"<p>A capacita\u00e7\u00e3o profissional em Belmonte sempre foi um problema pela falta de cursos e tamb\u00e9m de disposi\u00e7\u00e3o de muitos jovens em participar e se preparar para o mercado de trabalho que est\u00e1 cada vez mais competitivo. Mas, felizmente, essa realidade est\u00e1 mudando e podemos citar como exemplo a vit\u00f3ria conquistada pelos alunos do Curso de [&hellip;]<\/p>\n","protected":false},"author":7,"featured_media":11437,"comment_status":"open","ping_status":"open","sticky":false,"template":"","format":"standard","meta":{"footnotes":""},"categories":[9,1],"tags":[108],"class_list":["post-11434","post","type-post","status-publish","format-standard","has-post-thumbnail","hentry","category-concursos-oportunidades","category-noticias","tag-belmonte"],"_links":{"self":[{"href":"https:\/\/www.maisbn.com\/portal\/wp-json\/wp\/v2\/posts\/11434","targetHints":{"allow":["GET"]}}],"collection":[{"href":"https:\/\/www.maisbn.com\/portal\/wp-json\/wp\/v2\/posts"}],"about":[{"href":"https:\/\/www.maisbn.com\/portal\/wp-json\/wp\/v2\/types\/post"}],"author":[{"embeddable":true,"href":"https:\/\/www.maisbn.com\/portal\/wp-json\/wp\/v2\/users\/7"}],"replies":[{"embeddable":true,"href":"https:\/\/www.maisbn.com\/portal\/wp-json\/wp\/v2\/comments?post=11434"}],"version-history":[{"count":4,"href":"https:\/\/www.maisbn.com\/portal\/wp-json\/wp\/v2\/posts\/11434\/revisions"}],"predecessor-version":[{"id":11440,"href":"https:\/\/www.maisbn.com\/portal\/wp-json\/wp\/v2\/posts\/11434\/revisions\/11440"}],"wp:featuredmedia":[{"embeddable":true,"href":"https:\/\/www.maisbn.com\/portal\/wp-json\/wp\/v2\/media\/11437"}],"wp:attachment":[{"href":"https:\/\/www.maisbn.com\/portal\/wp-json\/wp\/v2\/media?parent=11434"}],"wp:term":[{"taxonomy":"category","embeddable":true,"href":"https:\/\/www.maisbn.com\/portal\/wp-json\/wp\/v2\/categories?post=11434"},{"taxonomy":"post_tag","embeddable":true,"href":"https:\/\/www.maisbn.com\/portal\/wp-json\/wp\/v2\/tags?post=11434"}],"curies":[{"name":"wp","href":"https:\/\/api.w.org\/{rel}","templated":true}]}}