{"id":11408,"date":"2016-07-01T09:57:04","date_gmt":"2016-07-01T12:57:04","guid":{"rendered":"http:\/\/www.maisbn.com\/portal\/?p=11408"},"modified":"2016-07-01T09:57:04","modified_gmt":"2016-07-01T12:57:04","slug":"rodada-de-negocios-colabora-com-o-desenvolvimento-para-a-regiao","status":"publish","type":"post","link":"https:\/\/www.maisbn.com\/portal\/2016\/07\/rodada-de-negocios-colabora-com-o-desenvolvimento-para-a-regiao\/","title":{"rendered":"Rodada de Neg\u00f3cios colabora com o desenvolvimento para a regi\u00e3o."},"content":{"rendered":"<p><span style=\"color: #000000;\">O evento do LiderA\u00e7\u00e3o, promovido pela Veracel Celulose, Proden e IEL, iniciou na manh\u00e3 do dia 30\/06 abrindo oportunidades de neg\u00f3cios para fornecedores da regi\u00e3o. Na abertura, representantes da Veracel, IEL\/BA, Proden e Sebrae, reafirmaram o objetivo do LiderA\u00e7\u00e3o e seu compromisso com o desenvolvimento regional. \u201cEste \u00e9 um momento muito importante para di\u00e1logo e encontros em busca de novas oportunidades\u201d, destacou Sergio Alipio, diretor presidente da Veracel Celulose. O prefeito de Eun\u00e1polis, Neto Guerrieri, tamb\u00e9m prestigiou o evento e destacou a import\u00e2ncia do LiderA\u00e7\u00e3o para o estabelecimento de parceiras em prol do desenvolvimento econ\u00f4mico.<\/span><\/p>\n<p><a href=\"http:\/\/www.maisbn.com\/portal\/wp-content\/uploads\/2016\/07\/rodada_de_negociosveracel00003.jpg\"><img loading=\"lazy\" decoding=\"async\" class=\"aligncenter size-full wp-image-11409\" src=\"http:\/\/www.maisbn.com\/portal\/wp-content\/uploads\/2016\/07\/rodada_de_negociosveracel00003.jpg\" alt=\"rodada_de_negociosveracel00003\" width=\"650\" height=\"412\" \/><\/a><\/p>\n<p><span style=\"color: #000000;\">Ap\u00f3s a abertura do evento, a diretora fundadora da Avatim \u2013 Cheiros da Terra, M\u00f4nica Burgos, apresentou sua hist\u00f3ria de empreendedorismo, o surgimento e crescimento da empresa em todo o pa\u00eds. Sua hist\u00f3ria \u00e9 uma inspira\u00e7\u00e3o para muitos empres\u00e1rios locais. &#8220;Eu comecei a minha empresa com apenas R$ 4.000,00. Hoje temos 86 lojas, com 09 lojas abertas s\u00f3 nesse primeiro semestre. Minha meta \u00e9 at\u00e9 o final do ano estar com a cent\u00e9sima loja e competindo com as tr\u00eas maiores empresas de cosm\u00e9ticos do pa\u00eds. Tudo isso \u00e9 fruto de muita dedica\u00e7\u00e3o e trabalho.&#8221; &#8211; Comentou M\u00f4nica.<\/span><\/p>\n<div id=\"attachment_11410\" style=\"width: 660px\" class=\"wp-caption aligncenter\"><a href=\"http:\/\/www.maisbn.com\/portal\/wp-content\/uploads\/2016\/07\/rodada_de_negociosveracel00007.jpg\"><img loading=\"lazy\" decoding=\"async\" aria-describedby=\"caption-attachment-11410\" class=\"size-full wp-image-11410\" src=\"http:\/\/www.maisbn.com\/portal\/wp-content\/uploads\/2016\/07\/rodada_de_negociosveracel00007.jpg\" alt=\"M\u00f4nica Burgos, Diretora e Fundadora da Avatin - Cheiros da Terra.\" width=\"650\" height=\"412\" \/><\/a><p id=\"caption-attachment-11410\" class=\"wp-caption-text\">M\u00f4nica Burgos, Diretora e Fundadora da Avatim &#8211; Cheiros da Terra.<\/p><\/div>\n<p><span style=\"color: #000000;\">A Rodada de Neg\u00f3cios foi o ponto alto do dia com encontros entre empresas compradoras e outras vendedoras de produtos e servi\u00e7os. Mais de vinte empresas compradoras est\u00e3o participando do evento e mais de 100 fornecedores se inscreveram. \u201cEste evento est\u00e1 superando nossas expectativas e este cen\u00e1rio nos deixa bastante otimistas em rela\u00e7\u00e3o \u00e0 promo\u00e7\u00e3o do desenvolvimento local\u201d, comenta Fernanda Moreira, gerente do IEL\/BA.<\/span><\/p>\n<p><a href=\"http:\/\/www.maisbn.com\/portal\/wp-content\/uploads\/2016\/07\/mosaico_lideracao.jpg\"><img loading=\"lazy\" decoding=\"async\" class=\"aligncenter size-full wp-image-11411\" src=\"http:\/\/www.maisbn.com\/portal\/wp-content\/uploads\/2016\/07\/mosaico_lideracao.jpg\" alt=\"mosaico_lideracao\" width=\"700\" height=\"450\" \/><\/a><\/p>\n<p><span style=\"color: #000000;\">O LiderA\u00e7\u00e3o continua no dia 01\/07 com o Encontro com Fornecedores da Veracel, a Rodada de Neg\u00f3cios e exposi\u00e7\u00e3o de empresas.<\/span><\/p>\n","protected":false},"excerpt":{"rendered":"<p>O evento do LiderA\u00e7\u00e3o, promovido pela Veracel Celulose, Proden e IEL, iniciou na manh\u00e3 do dia 30\/06 abrindo oportunidades de neg\u00f3cios para fornecedores da regi\u00e3o. Na abertura, representantes da Veracel, IEL\/BA, Proden e Sebrae, reafirmaram o objetivo do LiderA\u00e7\u00e3o e seu compromisso com o desenvolvimento regional. \u201cEste \u00e9 um momento muito importante para di\u00e1logo e [&hellip;]<\/p>\n","protected":false},"author":7,"featured_media":11409,"comment_status":"open","ping_status":"open","sticky":false,"template":"","format":"standard","meta":{"footnotes":""},"categories":[29,1],"tags":[108],"class_list":["post-11408","post","type-post","status-publish","format-standard","has-post-thumbnail","hentry","category-empreendimentos","category-noticias","tag-belmonte"],"_links":{"self":[{"href":"https:\/\/www.maisbn.com\/portal\/wp-json\/wp\/v2\/posts\/11408","targetHints":{"allow":["GET"]}}],"collection":[{"href":"https:\/\/www.maisbn.com\/portal\/wp-json\/wp\/v2\/posts"}],"about":[{"href":"https:\/\/www.maisbn.com\/portal\/wp-json\/wp\/v2\/types\/post"}],"author":[{"embeddable":true,"href":"https:\/\/www.maisbn.com\/portal\/wp-json\/wp\/v2\/users\/7"}],"replies":[{"embeddable":true,"href":"https:\/\/www.maisbn.com\/portal\/wp-json\/wp\/v2\/comments?post=11408"}],"version-history":[{"count":1,"href":"https:\/\/www.maisbn.com\/portal\/wp-json\/wp\/v2\/posts\/11408\/revisions"}],"predecessor-version":[{"id":11412,"href":"https:\/\/www.maisbn.com\/portal\/wp-json\/wp\/v2\/posts\/11408\/revisions\/11412"}],"wp:featuredmedia":[{"embeddable":true,"href":"https:\/\/www.maisbn.com\/portal\/wp-json\/wp\/v2\/media\/11409"}],"wp:attachment":[{"href":"https:\/\/www.maisbn.com\/portal\/wp-json\/wp\/v2\/media?parent=11408"}],"wp:term":[{"taxonomy":"category","embeddable":true,"href":"https:\/\/www.maisbn.com\/portal\/wp-json\/wp\/v2\/categories?post=11408"},{"taxonomy":"post_tag","embeddable":true,"href":"https:\/\/www.maisbn.com\/portal\/wp-json\/wp\/v2\/tags?post=11408"}],"curies":[{"name":"wp","href":"https:\/\/api.w.org\/{rel}","templated":true}]}}