{"id":11394,"date":"2016-06-30T01:12:33","date_gmt":"2016-06-30T04:12:33","guid":{"rendered":"http:\/\/www.maisbn.com\/portal\/?p=11394"},"modified":"2016-06-30T01:12:33","modified_gmt":"2016-06-30T04:12:33","slug":"prefeitura-diz-que-obras-da-praca-da-matriz-nao-atrapalharao-os-festejos-de-nossa-senhora-do-carmo","status":"publish","type":"post","link":"https:\/\/www.maisbn.com\/portal\/2016\/06\/prefeitura-diz-que-obras-da-praca-da-matriz-nao-atrapalharao-os-festejos-de-nossa-senhora-do-carmo\/","title":{"rendered":"Prefeitura diz que obras da Pra\u00e7a da Matriz n\u00e3o atrapalhar\u00e3o os festejos de Nossa Senhora do Carmo."},"content":{"rendered":"<p><span style=\"color: #000000;\">A Secretaria Municipal de Infraestrutura de Belmonte anunciou nesta quarta-feira (29\/06) que os festejos em homenagem \u00e0 Nossa Senhora do Carmo, padroeira da cidade, n\u00e3o ser\u00e3o afetados pelas obras de recupera\u00e7\u00e3o da Pra\u00e7a da Matriz.<\/span><\/p>\n<p><a href=\"http:\/\/www.maisbn.com\/portal\/wp-content\/uploads\/2016\/06\/praca_matriz00001.jpg\"><img loading=\"lazy\" decoding=\"async\" class=\"aligncenter size-full wp-image-11395\" src=\"http:\/\/www.maisbn.com\/portal\/wp-content\/uploads\/2016\/06\/praca_matriz00001.jpg\" alt=\"praca_matriz00001\" width=\"650\" height=\"412\" \/><\/a><\/p>\n<p><span style=\"color: #000000;\">Nossa equipe conversou com o Sr. Carlos Cruz, que comanda a Secretaria de Infraestrutura. O mesmo explicou que o andamento das obras est\u00e1 em ritmo acelerado e at\u00e9 a \u00e9poca dos festejos a Pra\u00e7a da Matriz estar\u00e1 com 70% dos trabalhos conclu\u00eddos. &#8220;Na \u00e9poca da festa a Pra\u00e7a da Matriz poder\u00e1 ser usada sem problemas. N\u00f3s j\u00e1 estamos instalando o novo piso e at\u00e9 l\u00e1 grande parte do local j\u00e1 estar\u00e1 pronta. O que estar\u00e1 restando terminar n\u00e3o causar\u00e1 transtorno para os moradores e visitantes.&#8221; &#8211; Comentou o Secret\u00e1rio.<\/span><\/p>\n<p><a href=\"http:\/\/www.maisbn.com\/portal\/wp-content\/uploads\/2016\/06\/praca_matriz00006.jpg\"><img loading=\"lazy\" decoding=\"async\" class=\"aligncenter size-full wp-image-11396\" src=\"http:\/\/www.maisbn.com\/portal\/wp-content\/uploads\/2016\/06\/praca_matriz00006.jpg\" alt=\"praca_matriz00006\" width=\"650\" height=\"412\" \/><\/a><\/p>\n<p><span style=\"color: #000000;\">A afirma\u00e7\u00e3o do Secret\u00e1rio joga por terra os boatos espalhados na cidade de que a Prefeitura Municipal de Belmonte teria cancelado a festa por causa das obras. A oposi\u00e7\u00e3o ainda apostava que a Prefeita Alice Britto n\u00e3o concluiria os trabalhos, acusava a mesma de destruir a Pra\u00e7a da Matriz para deixar os escombros para a pr\u00f3xima gest\u00e3o.<\/span><\/p>\n<p><a href=\"http:\/\/www.maisbn.com\/portal\/wp-content\/uploads\/2016\/06\/praca_matriz00004.jpg\"><img loading=\"lazy\" decoding=\"async\" class=\"aligncenter size-full wp-image-11397\" src=\"http:\/\/www.maisbn.com\/portal\/wp-content\/uploads\/2016\/06\/praca_matriz00004.jpg\" alt=\"praca_matriz00004\" width=\"650\" height=\"412\" \/><\/a><\/p>\n<p><span style=\"color: #000000;\">Nossa equipe esteve no local e notou que a recupera\u00e7\u00e3o est\u00e1 caminhando a contento. A empresa respons\u00e1vel j\u00e1 est\u00e1 instalando o novo piso que j\u00e1 recebeu elogios de alguns moradores. Tamb\u00e9m conversamos com os trabalhadores e os mesmos foram un\u00e2nimes em dizer que est\u00e3o se empenhando ao m\u00e1ximo para que tudo esteja preparado para a festa.<\/span><\/p>\n<p><a href=\"http:\/\/www.maisbn.com\/portal\/wp-content\/uploads\/2016\/06\/praca_matriz00007.jpg\"><img loading=\"lazy\" decoding=\"async\" class=\"aligncenter size-full wp-image-11398\" src=\"http:\/\/www.maisbn.com\/portal\/wp-content\/uploads\/2016\/06\/praca_matriz00007.jpg\" alt=\"praca_matriz00007\" width=\"650\" height=\"412\" \/><\/a><\/p>\n<p><span style=\"color: #000000;\">Em conversa com o Sr. Esdras, diretor da empresa contratada para as obras, o mesmo comentou que a previs\u00e3o de inaugura\u00e7\u00e3o \u00e9 em setembro e que tudo est\u00e1 sendo feito pensando em n\u00e3o atrapalhar os fi\u00e9is que frequentar\u00e3o o local em julho quando acontece a Festa do Carmo. &#8220;Nossa empresa est\u00e1 trabalhando em parceria com a Prefeitura de Belmonte e tudo est\u00e1 sendo estudado e executado com o intuito de preservar a Festa do Carmo. Os transtornos s\u00e3o poucos e passageiros e quando a comunidade ver esse local totalmente recuperado ir\u00e1 notar que os esfor\u00e7os valeram a pena.&#8221; &#8211; Comentou Esdras.<\/span><\/p>\n<p>&nbsp;<\/p>\n","protected":false},"excerpt":{"rendered":"<p>A Secretaria Municipal de Infraestrutura de Belmonte anunciou nesta quarta-feira (29\/06) que os festejos em homenagem \u00e0 Nossa Senhora do Carmo, padroeira da cidade, n\u00e3o ser\u00e3o afetados pelas obras de recupera\u00e7\u00e3o da Pra\u00e7a da Matriz. Nossa equipe conversou com o Sr. Carlos Cruz, que comanda a Secretaria de Infraestrutura. O mesmo explicou que o andamento [&hellip;]<\/p>\n","protected":false},"author":7,"featured_media":11399,"comment_status":"open","ping_status":"open","sticky":false,"template":"","format":"standard","meta":{"footnotes":""},"categories":[45,1],"tags":[108],"class_list":["post-11394","post","type-post","status-publish","format-standard","has-post-thumbnail","hentry","category-cidades","category-noticias","tag-belmonte"],"_links":{"self":[{"href":"https:\/\/www.maisbn.com\/portal\/wp-json\/wp\/v2\/posts\/11394","targetHints":{"allow":["GET"]}}],"collection":[{"href":"https:\/\/www.maisbn.com\/portal\/wp-json\/wp\/v2\/posts"}],"about":[{"href":"https:\/\/www.maisbn.com\/portal\/wp-json\/wp\/v2\/types\/post"}],"author":[{"embeddable":true,"href":"https:\/\/www.maisbn.com\/portal\/wp-json\/wp\/v2\/users\/7"}],"replies":[{"embeddable":true,"href":"https:\/\/www.maisbn.com\/portal\/wp-json\/wp\/v2\/comments?post=11394"}],"version-history":[{"count":1,"href":"https:\/\/www.maisbn.com\/portal\/wp-json\/wp\/v2\/posts\/11394\/revisions"}],"predecessor-version":[{"id":11400,"href":"https:\/\/www.maisbn.com\/portal\/wp-json\/wp\/v2\/posts\/11394\/revisions\/11400"}],"wp:featuredmedia":[{"embeddable":true,"href":"https:\/\/www.maisbn.com\/portal\/wp-json\/wp\/v2\/media\/11399"}],"wp:attachment":[{"href":"https:\/\/www.maisbn.com\/portal\/wp-json\/wp\/v2\/media?parent=11394"}],"wp:term":[{"taxonomy":"category","embeddable":true,"href":"https:\/\/www.maisbn.com\/portal\/wp-json\/wp\/v2\/categories?post=11394"},{"taxonomy":"post_tag","embeddable":true,"href":"https:\/\/www.maisbn.com\/portal\/wp-json\/wp\/v2\/tags?post=11394"}],"curies":[{"name":"wp","href":"https:\/\/api.w.org\/{rel}","templated":true}]}}