{"id":11331,"date":"2016-06-23T22:53:19","date_gmt":"2016-06-24T01:53:19","guid":{"rendered":"http:\/\/www.maisbn.com\/portal\/?p=11331"},"modified":"2016-06-23T22:56:48","modified_gmt":"2016-06-24T01:56:48","slug":"acoes-de-conservacao-ambiental-da-veracel-serao-temas-de-estudos-em-pos-doutorado","status":"publish","type":"post","link":"https:\/\/www.maisbn.com\/portal\/2016\/06\/acoes-de-conservacao-ambiental-da-veracel-serao-temas-de-estudos-em-pos-doutorado\/","title":{"rendered":"A\u00e7\u00f5es de conserva\u00e7\u00e3o ambiental da Veracel ser\u00e3o temas de estudos em p\u00f3s-doutorado."},"content":{"rendered":"<div id=\"attachment_11332\" style=\"width: 620px\" class=\"wp-caption aligncenter\"><a href=\"http:\/\/www.maisbn.com\/portal\/wp-content\/uploads\/2016\/06\/Ortofoto-2013-PARNA-Pau-Brasil-e-RPPN-Esta\u00e7\u00e3o-Veracel.jpg\"><img loading=\"lazy\" decoding=\"async\" aria-describedby=\"caption-attachment-11332\" class=\"wp-image-11332\" src=\"http:\/\/www.maisbn.com\/portal\/wp-content\/uploads\/2016\/06\/Ortofoto-2013-PARNA-Pau-Brasil-e-RPPN-Esta\u00e7\u00e3o-Veracel.jpg\" alt=\"Ortofoto 2013 - PARNA Pau Brasil e RPPN Esta\u00e7\u00e3o Veracel\" width=\"610\" height=\"660\" \/><\/a><p id=\"caption-attachment-11332\" class=\"wp-caption-text\">Fotos de sat\u00e9lite demonstrando o projeto.<\/p><\/div>\n<p><span style=\"color: #000000;\">Uma parceria in\u00e9dita entre a Veracel e a Universidade Federal do Sul da Bahia (UFSB) criou oportunidade para a realiza\u00e7\u00e3o de um estudo das estrat\u00e9gias de conex\u00e3o biol\u00f3gica entre unidades de conserva\u00e7\u00e3o por meio dos corredores ecol\u00f3gicos. O projeto foi elaborado pela doutora em Ci\u00eancia Ambiental pela USP, Maria Ot\u00e1via Crepaldi e ser\u00e1 supervisionado pelo professor Dr. Asher Kiperstok da UFBA\/UFSB e pela gestora da RPPN Esta\u00e7\u00e3o Veracel, Virg\u00ednia Camargos, que \u00e9 doutora em Bot\u00e2nica pela UFV.<\/span><\/p>\n<p><span style=\"color: #000000;\">De acordo com Virg\u00ednia Camargos, essa parceria abrir\u00e1 outras oportunidades no meio acad\u00eamico, possibilitando novos estudos cient\u00edficos. \u201cEssa parceria \u00e9 um importante passo para o desenvolvimento do conhecimento cient\u00edfico na regi\u00e3o\u201d. Virg\u00ednia acredita tamb\u00e9m que poder\u00e3o surgir interesses para fontes financiadoras de pesquisas n\u00e3o somente da \u00e1rea de conserva\u00e7\u00e3o ambiental, como tamb\u00e9m de tecnologia, melhoramentos, ind\u00fastrias, entre outras.<\/span><\/p>\n<p><span style=\"color: #000000;\">O projeto de pesquisa ter\u00e1, inicialmente, 12 meses de dura\u00e7\u00e3o e prev\u00ea duas etapas. A primeira etapa ser\u00e1 de identificar os melhores caminhos para implanta\u00e7\u00e3o dos corredores entre as Unidades de Conserva\u00e7\u00e3o (UC) selecionadas com o aux\u00edlio de ferramentas da Ecologia de Paisagem. Depois, est\u00e1 prevista uma avalia\u00e7\u00e3o em campo para o planejamento da implanta\u00e7\u00e3o dos corredores. \u201cEste projeto tamb\u00e9m ir\u00e1 contribuir para a sustentabilidade no meio rural em uma das regi\u00f5es mais biodiversas do mundo\u201d, comenta a pesquisadora Maria Ot\u00e1via.<\/span><\/p>\n<p><span style=\"color: #000000;\">Um projeto piloto para forma\u00e7\u00e3o do corredor ecol\u00f3gico entre o Parque Nacional do Pau Brasil e a RPPN Esta\u00e7\u00e3o Veracel foi desenvolvido entre 2015 e 2016 pelos parceiros da Veracel Celulose, a The Nature Conservancy (TNC) e o Instituto BioAtl\u00e2ntica (IBIO). Os resultados ser\u00e3o publicados em artigos cient\u00edficos, congressos e simp\u00f3sios acad\u00eamicos. Al\u00e9m da RPPN Esta\u00e7\u00e3o Veracel, o Parque Nacional Pau-Brasil, o Ref\u00fagio de Vida Silvestre do Rio dos Frades e a RPPN Rios do Brasil tamb\u00e9m ser\u00e3o parte do estudo.<\/span><\/p>\n","protected":false},"excerpt":{"rendered":"<p>Uma parceria in\u00e9dita entre a Veracel e a Universidade Federal do Sul da Bahia (UFSB) criou oportunidade para a realiza\u00e7\u00e3o de um estudo das estrat\u00e9gias de conex\u00e3o biol\u00f3gica entre unidades de conserva\u00e7\u00e3o por meio dos corredores ecol\u00f3gicos. O projeto foi elaborado pela doutora em Ci\u00eancia Ambiental pela USP, Maria Ot\u00e1via Crepaldi e ser\u00e1 supervisionado pelo [&hellip;]<\/p>\n","protected":false},"author":7,"featured_media":11332,"comment_status":"open","ping_status":"open","sticky":false,"template":"","format":"standard","meta":{"footnotes":""},"categories":[29,1],"tags":[108],"class_list":["post-11331","post","type-post","status-publish","format-standard","has-post-thumbnail","hentry","category-empreendimentos","category-noticias","tag-belmonte"],"_links":{"self":[{"href":"https:\/\/www.maisbn.com\/portal\/wp-json\/wp\/v2\/posts\/11331","targetHints":{"allow":["GET"]}}],"collection":[{"href":"https:\/\/www.maisbn.com\/portal\/wp-json\/wp\/v2\/posts"}],"about":[{"href":"https:\/\/www.maisbn.com\/portal\/wp-json\/wp\/v2\/types\/post"}],"author":[{"embeddable":true,"href":"https:\/\/www.maisbn.com\/portal\/wp-json\/wp\/v2\/users\/7"}],"replies":[{"embeddable":true,"href":"https:\/\/www.maisbn.com\/portal\/wp-json\/wp\/v2\/comments?post=11331"}],"version-history":[{"count":2,"href":"https:\/\/www.maisbn.com\/portal\/wp-json\/wp\/v2\/posts\/11331\/revisions"}],"predecessor-version":[{"id":11334,"href":"https:\/\/www.maisbn.com\/portal\/wp-json\/wp\/v2\/posts\/11331\/revisions\/11334"}],"wp:featuredmedia":[{"embeddable":true,"href":"https:\/\/www.maisbn.com\/portal\/wp-json\/wp\/v2\/media\/11332"}],"wp:attachment":[{"href":"https:\/\/www.maisbn.com\/portal\/wp-json\/wp\/v2\/media?parent=11331"}],"wp:term":[{"taxonomy":"category","embeddable":true,"href":"https:\/\/www.maisbn.com\/portal\/wp-json\/wp\/v2\/categories?post=11331"},{"taxonomy":"post_tag","embeddable":true,"href":"https:\/\/www.maisbn.com\/portal\/wp-json\/wp\/v2\/tags?post=11331"}],"curies":[{"name":"wp","href":"https:\/\/api.w.org\/{rel}","templated":true}]}}