{"id":11300,"date":"2016-06-01T11:03:10","date_gmt":"2016-06-01T14:03:10","guid":{"rendered":"http:\/\/www.maisbn.com\/portal\/?p=11300"},"modified":"2016-06-21T11:03:39","modified_gmt":"2016-06-21T14:03:39","slug":"deputado-janio-natal-recebe-placa-da-justica-federal","status":"publish","type":"post","link":"https:\/\/www.maisbn.com\/portal\/2016\/06\/deputado-janio-natal-recebe-placa-da-justica-federal\/","title":{"rendered":"DEPUTADO J\u00c2NIO NATAL RECEBE PLACA DA JUSTI\u00c7A FEDERAL."},"content":{"rendered":"<p><a href=\"http:\/\/www.maisbn.com\/portal\/wp-content\/uploads\/2016\/06\/janio_justicafederal.jpg\"><img loading=\"lazy\" decoding=\"async\" class=\"aligncenter wp-image-11301 size-full\" src=\"http:\/\/www.maisbn.com\/portal\/wp-content\/uploads\/2016\/06\/janio_justicafederal.jpg\" alt=\"janio_justicafederal\" width=\"852\" height=\"640\" \/><\/a><\/p>\n<p><span style=\"color: #000000;\">O Deputado J\u00e2nio Natal recebeu em seu gabinete, na Assembleia Legislativa, a visita dos senhores Dr. Iran Leite, Diretor de Foro da Justi\u00e7a Federal na Bahia e Dr. Rodrigo Lima, Juiz Federal substituto.<\/span><\/p>\n<p><span style=\"color: #000000;\">O principal objetivo da reuni\u00e3o foi a entrega de placa em reconhecimento \u00e0 destacada atua\u00e7\u00e3o de J\u00e2nio Natal no Congresso Nacional, sempre prestando decidido apoio \u00e0s iniciativas da Justi\u00e7a Federal, no estado da Bahia.<\/span><\/p>\n","protected":false},"excerpt":{"rendered":"<p>O Deputado J\u00e2nio Natal recebeu em seu gabinete, na Assembleia Legislativa, a visita dos senhores Dr. Iran Leite, Diretor de Foro da Justi\u00e7a Federal na Bahia e Dr. Rodrigo Lima, Juiz Federal substituto. O principal objetivo da reuni\u00e3o foi a entrega de placa em reconhecimento \u00e0 destacada atua\u00e7\u00e3o de J\u00e2nio Natal no Congresso Nacional, sempre [&hellip;]<\/p>\n","protected":false},"author":7,"featured_media":11301,"comment_status":"open","ping_status":"open","sticky":false,"template":"","format":"standard","meta":{"footnotes":""},"categories":[1,7],"tags":[108],"class_list":["post-11300","post","type-post","status-publish","format-standard","has-post-thumbnail","hentry","category-noticias","category-politica","tag-belmonte"],"_links":{"self":[{"href":"https:\/\/www.maisbn.com\/portal\/wp-json\/wp\/v2\/posts\/11300","targetHints":{"allow":["GET"]}}],"collection":[{"href":"https:\/\/www.maisbn.com\/portal\/wp-json\/wp\/v2\/posts"}],"about":[{"href":"https:\/\/www.maisbn.com\/portal\/wp-json\/wp\/v2\/types\/post"}],"author":[{"embeddable":true,"href":"https:\/\/www.maisbn.com\/portal\/wp-json\/wp\/v2\/users\/7"}],"replies":[{"embeddable":true,"href":"https:\/\/www.maisbn.com\/portal\/wp-json\/wp\/v2\/comments?post=11300"}],"version-history":[{"count":1,"href":"https:\/\/www.maisbn.com\/portal\/wp-json\/wp\/v2\/posts\/11300\/revisions"}],"predecessor-version":[{"id":11302,"href":"https:\/\/www.maisbn.com\/portal\/wp-json\/wp\/v2\/posts\/11300\/revisions\/11302"}],"wp:featuredmedia":[{"embeddable":true,"href":"https:\/\/www.maisbn.com\/portal\/wp-json\/wp\/v2\/media\/11301"}],"wp:attachment":[{"href":"https:\/\/www.maisbn.com\/portal\/wp-json\/wp\/v2\/media?parent=11300"}],"wp:term":[{"taxonomy":"category","embeddable":true,"href":"https:\/\/www.maisbn.com\/portal\/wp-json\/wp\/v2\/categories?post=11300"},{"taxonomy":"post_tag","embeddable":true,"href":"https:\/\/www.maisbn.com\/portal\/wp-json\/wp\/v2\/tags?post=11300"}],"curies":[{"name":"wp","href":"https:\/\/api.w.org\/{rel}","templated":true}]}}