{"id":11281,"date":"2016-06-20T14:33:50","date_gmt":"2016-06-20T17:33:50","guid":{"rendered":"http:\/\/www.maisbn.com\/portal\/?p=11281"},"modified":"2016-06-20T14:33:50","modified_gmt":"2016-06-20T17:33:50","slug":"prefeitura-de-belmonte-esclarece-a-situacao-de-falta-de-agua-no-distrito-de-mogiquicaba","status":"publish","type":"post","link":"https:\/\/www.maisbn.com\/portal\/2016\/06\/prefeitura-de-belmonte-esclarece-a-situacao-de-falta-de-agua-no-distrito-de-mogiquicaba\/","title":{"rendered":"Prefeitura de Belmonte esclarece a situa\u00e7\u00e3o de falta de \u00e1gua no distrito de Mogiqui\u00e7aba."},"content":{"rendered":"<p><a href=\"http:\/\/www.maisbn.com\/portal\/wp-content\/uploads\/2015\/01\/praca_mogi3.jpg\"><img loading=\"lazy\" decoding=\"async\" class=\"aligncenter size-full wp-image-6757\" src=\"http:\/\/www.maisbn.com\/portal\/wp-content\/uploads\/2015\/01\/praca_mogi3.jpg\" alt=\"praca_mogi3\" width=\"480\" height=\"480\" srcset=\"https:\/\/www.maisbn.com\/portal\/wp-content\/uploads\/2015\/01\/praca_mogi3.jpg 480w, https:\/\/www.maisbn.com\/portal\/wp-content\/uploads\/2015\/01\/praca_mogi3-350x350.jpg 350w\" sizes=\"auto, (max-width: 480px) 100vw, 480px\" \/><\/a><\/p>\n<p><span style=\"color: #000000;\">H\u00e1 alguns dias vem pipocando nas redes sociais diversas den\u00fancias com rela\u00e7\u00e3o \u00e0 falta de \u00e1gua no distrito de Mogiqui\u00e7aba. Segundo as informa\u00e7\u00f5es das redes sociais o distrito est\u00e1 h\u00e1 quase uma semana sem \u00e1gua.<\/span><\/p>\n<p><span style=\"color: #000000;\">Nossa equipe procurou na manh\u00e3 dessa segunda-feira (20\/06) a equipe respons\u00e1vel pela manuten\u00e7\u00e3o do sistema de abastecimento de \u00e1gua do distrito. A informa\u00e7\u00e3o que tivemos \u00e9 que o sistema funciona com duas bombas, uma que tira \u00e1gua do po\u00e7o e joga para uma cisterna e outra que transmite a \u00e1gua para as casas. O que aconteceu, segundo a equipe, \u00e9 que houve um problema na rede da COELBA que alimenta as bombas fazendo os dois equipamentos queimarem simultaneamente. As bombas j\u00e1 foram retiradas, foram consertadas e est\u00e3o vindo da manuten\u00e7\u00e3o, mas a equipe respons\u00e1vel s\u00f3 pode instalar os equipamentos depois que a COELBA consertar o problema na rede. A equipe ainda informou que estar\u00e1 instalando um sistema de seguran\u00e7a para proteger os equipamentos de surtos na rede de energia el\u00e9trica.<\/span><\/p>\n<p><span style=\"color: #000000;\">A Prefeitura ainda informou que o fato j\u00e1 foi comunicado \u00e0 COELBA que ficou de enviar t\u00e9cnicos ao local para analisar e resolver o problema. A mesma ainda comunicou que pretende acionar a empresa para que a mesma pague os preju\u00edzos causados aos equipamentos em quest\u00e3o.<\/span><\/p>\n<p><span style=\"color: #000000;\">Pessoas ligadas \u00e0 Prefeita Alice Britto informaram para a nossa equipe que a mesma est\u00e1 sens\u00edvel ao problema do povoado e que j\u00e1 enviou um projeto, juntamente com o Deputado Marcelo Nilo, buscando uma esta\u00e7\u00e3o de tratamento para Mogiqui\u00e7aba igual as que foram instaladas em Santa Maria Eterna e Petrol\u00e2ndia.<\/span><\/p>\n","protected":false},"excerpt":{"rendered":"<p>H\u00e1 alguns dias vem pipocando nas redes sociais diversas den\u00fancias com rela\u00e7\u00e3o \u00e0 falta de \u00e1gua no distrito de Mogiqui\u00e7aba. Segundo as informa\u00e7\u00f5es das redes sociais o distrito est\u00e1 h\u00e1 quase uma semana sem \u00e1gua. Nossa equipe procurou na manh\u00e3 dessa segunda-feira (20\/06) a equipe respons\u00e1vel pela manuten\u00e7\u00e3o do sistema de abastecimento de \u00e1gua do [&hellip;]<\/p>\n","protected":false},"author":7,"featured_media":6757,"comment_status":"open","ping_status":"open","sticky":false,"template":"","format":"standard","meta":{"footnotes":""},"categories":[45,1],"tags":[108],"class_list":["post-11281","post","type-post","status-publish","format-standard","has-post-thumbnail","hentry","category-cidades","category-noticias","tag-belmonte"],"_links":{"self":[{"href":"https:\/\/www.maisbn.com\/portal\/wp-json\/wp\/v2\/posts\/11281","targetHints":{"allow":["GET"]}}],"collection":[{"href":"https:\/\/www.maisbn.com\/portal\/wp-json\/wp\/v2\/posts"}],"about":[{"href":"https:\/\/www.maisbn.com\/portal\/wp-json\/wp\/v2\/types\/post"}],"author":[{"embeddable":true,"href":"https:\/\/www.maisbn.com\/portal\/wp-json\/wp\/v2\/users\/7"}],"replies":[{"embeddable":true,"href":"https:\/\/www.maisbn.com\/portal\/wp-json\/wp\/v2\/comments?post=11281"}],"version-history":[{"count":2,"href":"https:\/\/www.maisbn.com\/portal\/wp-json\/wp\/v2\/posts\/11281\/revisions"}],"predecessor-version":[{"id":11283,"href":"https:\/\/www.maisbn.com\/portal\/wp-json\/wp\/v2\/posts\/11281\/revisions\/11283"}],"wp:featuredmedia":[{"embeddable":true,"href":"https:\/\/www.maisbn.com\/portal\/wp-json\/wp\/v2\/media\/6757"}],"wp:attachment":[{"href":"https:\/\/www.maisbn.com\/portal\/wp-json\/wp\/v2\/media?parent=11281"}],"wp:term":[{"taxonomy":"category","embeddable":true,"href":"https:\/\/www.maisbn.com\/portal\/wp-json\/wp\/v2\/categories?post=11281"},{"taxonomy":"post_tag","embeddable":true,"href":"https:\/\/www.maisbn.com\/portal\/wp-json\/wp\/v2\/tags?post=11281"}],"curies":[{"name":"wp","href":"https:\/\/api.w.org\/{rel}","templated":true}]}}