{"id":11247,"date":"2016-06-17T09:25:43","date_gmt":"2016-06-17T12:25:43","guid":{"rendered":"http:\/\/www.maisbn.com\/portal\/?p=11247"},"modified":"2016-06-17T13:58:34","modified_gmt":"2016-06-17T16:58:34","slug":"prefeita-alice-nega-que-eletrificacao-rural-em-belmonte-foi-fruto-de-pedidos-politicos-de-opositores","status":"publish","type":"post","link":"https:\/\/www.maisbn.com\/portal\/2016\/06\/prefeita-alice-nega-que-eletrificacao-rural-em-belmonte-foi-fruto-de-pedidos-politicos-de-opositores\/","title":{"rendered":"Prefeita Alice nega que eletrifica\u00e7\u00e3o rural em Belmonte foi fruto de pedidos pol\u00edticos de opositores.."},"content":{"rendered":"<p><span style=\"color: #000000;\">Com a aproxima\u00e7\u00e3o das elei\u00e7\u00f5es as pol\u00eamicas come\u00e7am a acontecer e v\u00e1rios boatos s\u00e3o semeados na inten\u00e7\u00e3o de confundir o eleitor e influir na sua decis\u00e3o de voto.<\/span><\/p>\n<p><a href=\"http:\/\/www.maisbn.com\/portal\/wp-content\/uploads\/2015\/10\/eletricabozo00004.jpg\"><img loading=\"lazy\" decoding=\"async\" class=\"aligncenter size-full wp-image-9156\" src=\"http:\/\/www.maisbn.com\/portal\/wp-content\/uploads\/2015\/10\/eletricabozo00004.jpg\" alt=\"eletricabozo00004\" width=\"650\" height=\"412\" \/><\/a><\/p>\n<p><span style=\"color: #000000;\">A pol\u00eamica da vez agora \u00e9 com rela\u00e7\u00e3o \u00e0 eletrifica\u00e7\u00e3o rural atrav\u00e9s do Programa Luz Para Todos do Governo Federal. O cerne central da quest\u00e3o \u00e9 a eletrifica\u00e7\u00e3o da localidade conhecida como Buraco do Bicho, que fica na regi\u00e3o do povoado do Brejinho. Grupos de oposi\u00e7\u00e3o est\u00e3o espalhando para os moradores da localidade que foram eles e seus candidatos que conseguiram a energia el\u00e9trica para aquela comunidade e est\u00e3o querendo fazer aumentar o seu capital pol\u00edtico na regi\u00e3o.<\/span><\/p>\n<div id=\"attachment_4965\" style=\"width: 540px\" class=\"wp-caption aligncenter\"><a href=\"http:\/\/www.maisbn.com\/portal\/wp-content\/uploads\/2014\/04\/alice_elias-530x352.jpg\"><img loading=\"lazy\" decoding=\"async\" aria-describedby=\"caption-attachment-4965\" class=\"wp-image-4965 size-full\" src=\"http:\/\/www.maisbn.com\/portal\/wp-content\/uploads\/2014\/04\/alice_elias-530x352.jpg\" alt=\"alice_elias-530x352\" width=\"530\" height=\"352\" srcset=\"https:\/\/www.maisbn.com\/portal\/wp-content\/uploads\/2014\/04\/alice_elias-530x352.jpg 530w, https:\/\/www.maisbn.com\/portal\/wp-content\/uploads\/2014\/04\/alice_elias-530x352-526x350.jpg 526w\" sizes=\"auto, (max-width: 530px) 100vw, 530px\" \/><\/a><p id=\"caption-attachment-4965\" class=\"wp-caption-text\">Prefeita Alice revela que n\u00e3o houve pedido pol\u00edtico para a eletrifica\u00e7\u00e3o rural em Belmonte e que, juntamente com o Deputado Marcelo Nilo, apenas atuou para agilizar o processo.<\/p><\/div>\n<p>&nbsp;<\/p>\n<p><span style=\"color: #000000;\">Essa semana o embate em torno do tema ganhou mais for\u00e7a, j\u00e1 que, a Prefeita Alice Britto conversou com nossa reportagem e afirmou que n\u00e3o houve pedido pol\u00edtico para a eletrifica\u00e7\u00e3o nas localidades citadas. Alice nos contou que no m\u00eas de julho de 2015 teve uma reuni\u00e3o com Dr. Silvano Ragno, Superintendente de Energia e Comunica\u00e7\u00f5es da Secretaria de Infraestrutura do Governo do Estado, juntamente com o Deputado Marcelo Nilo, para ver como estava o andamento de processos que j\u00e1 existiam de iniciativa do pr\u00f3prio Programa Luz Para Todos e que viria naturalmente para as localidades. Durante a reuni\u00e3o Dr. Silvano Ragno confirmou o in\u00edcio da implanta\u00e7\u00e3o do Projeto Luz Para Todos no Assentamento Unidos em Cristo. O investimento foi or\u00e7ado em aproximadamente R$ 350.000,00 e atenderia as comunidades em toda a regi\u00e3o. \u201cA \u00fanica coisa que fizemos foi dar apoio \u00e0s equipes que vieram \u00e0 cidade e apontar as \u00e1reas que receberiam a eletrifica\u00e7\u00e3o. Eu, com a ajuda do Deputado Marcelo Nilo, atuamos para acelerar o processo, mas o mesmo n\u00e3o teve in\u00edcio com um pedido pol\u00edtico como algumas pessoas est\u00e3o tentando passar para a popula\u00e7\u00e3o.\u201d \u2013 Comentou Alice.<br \/>\n<\/span><\/p>\n<p><span style=\"color: #000000;\">A Prefeita Alice ainda apresentou documentos de 2015 que, segundo ela, comprovam a exist\u00eancia dos projetos de eletrifica\u00e7\u00e3o antes de qualquer interven\u00e7\u00e3o pol\u00edtica. Esses documentos podem ser acessados clicando na imagem abaixo:<br \/>\n<\/span><\/p>\n<div id=\"attachment_11248\" style=\"width: 502px\" class=\"wp-caption aligncenter\"><a href=\"http:\/\/www.maisbn.com\/mosaico_coelba.jpg\" target=\"_blank\"><img loading=\"lazy\" decoding=\"async\" aria-describedby=\"caption-attachment-11248\" class=\"wp-image-11248 \" src=\"http:\/\/www.maisbn.com\/portal\/wp-content\/uploads\/2016\/06\/documentos-630x623.jpg\" alt=\"documentos-630x623\" width=\"492\" height=\"487\" \/><\/a><p id=\"caption-attachment-11248\" class=\"wp-caption-text\">Clique na imagem para ver relat\u00f3rios do Programa Luz Para Todos que j\u00e1 existiam antes de qualquer interven\u00e7\u00e3o pol\u00edtica, segundo a Prefeita Alice Britto.<\/p><\/div>\n<p><span style=\"color: #000000;\">Alice comentou com nossa reportagem que, se realmente, fosse algum outro pol\u00edtico que tivesse conseguido esse grande feito para aquela comunidade ela n\u00e3o iria ficar chateada. \u201cEu sou uma pessoa democr\u00e1tica e nunca escondi feito de pol\u00edticos nenhum. Eu tenho a consci\u00eancia que a classe pol\u00edtica tem que fazer mesmo e conseguir recursos para a nossa cidade. O que eu n\u00e3o aceito \u00e9 ter pessoas espalhando boatos para confundir a comunidade. Fa\u00e7am pol\u00edtica, mas fa\u00e7am de forma limpa. \u201d \u2013 Comentou Alice.<\/span><\/p>\n<p><span style=\"color: #000000;\">Lembramos que outra pol\u00eamica parecida aconteceu com a implanta\u00e7\u00e3o do Sistema de \u00c1gua Tratada do povoado de Santa Maria Eterna. Na \u00e9poca se fez uma grande confus\u00e3o, j\u00e1 que, diversos grupos pol\u00edticos reivindicaram a aquisi\u00e7\u00e3o da obra para o povoado. A pol\u00eamica s\u00f3 acabou quando a Prefeita Alice Britto, juntamente com os deputados Marcelo Nilo Fab\u00edola Mansur e representantes do Governo do Estado inauguraram a obra. Na ocasi\u00e3o o povo percebeu a verdade dos fatos e a pol\u00eamica foi finalizada.<\/span><\/p>\n<p>&nbsp;<\/p>\n","protected":false},"excerpt":{"rendered":"<p>Com a aproxima\u00e7\u00e3o das elei\u00e7\u00f5es as pol\u00eamicas come\u00e7am a acontecer e v\u00e1rios boatos s\u00e3o semeados na inten\u00e7\u00e3o de confundir o eleitor e influir na sua decis\u00e3o de voto. A pol\u00eamica da vez agora \u00e9 com rela\u00e7\u00e3o \u00e0 eletrifica\u00e7\u00e3o rural atrav\u00e9s do Programa Luz Para Todos do Governo Federal. O cerne central da quest\u00e3o \u00e9 a [&hellip;]<\/p>\n","protected":false},"author":7,"featured_media":6274,"comment_status":"open","ping_status":"open","sticky":false,"template":"","format":"standard","meta":{"footnotes":""},"categories":[1,7],"tags":[108],"class_list":["post-11247","post","type-post","status-publish","format-standard","has-post-thumbnail","hentry","category-noticias","category-politica","tag-belmonte"],"_links":{"self":[{"href":"https:\/\/www.maisbn.com\/portal\/wp-json\/wp\/v2\/posts\/11247","targetHints":{"allow":["GET"]}}],"collection":[{"href":"https:\/\/www.maisbn.com\/portal\/wp-json\/wp\/v2\/posts"}],"about":[{"href":"https:\/\/www.maisbn.com\/portal\/wp-json\/wp\/v2\/types\/post"}],"author":[{"embeddable":true,"href":"https:\/\/www.maisbn.com\/portal\/wp-json\/wp\/v2\/users\/7"}],"replies":[{"embeddable":true,"href":"https:\/\/www.maisbn.com\/portal\/wp-json\/wp\/v2\/comments?post=11247"}],"version-history":[{"count":7,"href":"https:\/\/www.maisbn.com\/portal\/wp-json\/wp\/v2\/posts\/11247\/revisions"}],"predecessor-version":[{"id":11257,"href":"https:\/\/www.maisbn.com\/portal\/wp-json\/wp\/v2\/posts\/11247\/revisions\/11257"}],"wp:featuredmedia":[{"embeddable":true,"href":"https:\/\/www.maisbn.com\/portal\/wp-json\/wp\/v2\/media\/6274"}],"wp:attachment":[{"href":"https:\/\/www.maisbn.com\/portal\/wp-json\/wp\/v2\/media?parent=11247"}],"wp:term":[{"taxonomy":"category","embeddable":true,"href":"https:\/\/www.maisbn.com\/portal\/wp-json\/wp\/v2\/categories?post=11247"},{"taxonomy":"post_tag","embeddable":true,"href":"https:\/\/www.maisbn.com\/portal\/wp-json\/wp\/v2\/tags?post=11247"}],"curies":[{"name":"wp","href":"https:\/\/api.w.org\/{rel}","templated":true}]}}