{"id":11183,"date":"2016-06-11T08:52:45","date_gmt":"2016-06-11T11:52:45","guid":{"rendered":"http:\/\/www.maisbn.com\/portal\/?p=11183"},"modified":"2016-06-11T08:52:45","modified_gmt":"2016-06-11T11:52:45","slug":"professores-de-belmonte-de-20-horas-comemoram-o-enquadramento-para-40-horas","status":"publish","type":"post","link":"https:\/\/www.maisbn.com\/portal\/2016\/06\/professores-de-belmonte-de-20-horas-comemoram-o-enquadramento-para-40-horas\/","title":{"rendered":"Professores de Belmonte de 20 Horas comemoram o enquadramento para 40 Horas."},"content":{"rendered":"<p><span style=\"color: #000000;\">Os professores da rede p\u00fablica municipal de Belmonte que tem a jornada de 20 Horas semanis terminaram a semana com uma boa not\u00edcia. Estamos falando do enquadramento desses profissionais para a carga hor\u00e1ria de 40 horas semanais. A autoriza\u00e7\u00e3o para a mudan\u00e7a de carga hor\u00e1ria foi assinada pela Prefeita Alice Britto em seu gabinete na noite dessa sexta-feira (10\/06).<\/span><\/p>\n<p><a href=\"http:\/\/www.maisbn.com\/portal\/wp-content\/uploads\/2016\/06\/40_professores00000031.jpg\"><img loading=\"lazy\" decoding=\"async\" class=\"aligncenter size-full wp-image-11185\" src=\"http:\/\/www.maisbn.com\/portal\/wp-content\/uploads\/2016\/06\/40_professores00000031.jpg\" alt=\"40_professores00000031\" width=\"650\" height=\"412\" \/><\/a><\/p>\n<p><span style=\"color: #000000;\">Os professores estavam presentes no momento da assinatura da autoriza\u00e7\u00e3o e vibraram com a conquista. Os profissionais reclamavam que a jornada de 20 Horas semanais era prejudicial para eles e esse enquadramento significa um ganho maior e coloca mais professores nas salas de aula representando economia para o munic\u00edpio.<\/span><\/p>\n<p><a href=\"http:\/\/www.maisbn.com\/portal\/wp-content\/uploads\/2016\/06\/40_professores00000001.jpg\"><img loading=\"lazy\" decoding=\"async\" class=\"aligncenter size-full wp-image-11186\" src=\"http:\/\/www.maisbn.com\/portal\/wp-content\/uploads\/2016\/06\/40_professores00000001.jpg\" alt=\"40_professores00000001\" width=\"650\" height=\"412\" \/><\/a><\/p>\n<p><span style=\"color: #000000;\">A prefeita Alice Britto comentou que sempre apoiou os profissionais da educa\u00e7\u00e3o desde quando era vereadora. A gestora relembrou que grandes conquistas foram conseguidas quando a mesma foi Secret\u00e1ria Municipal de Educa\u00e7\u00e3o. &#8220;Eu sempre fui comprometida com esses profissionais porque entendo a import\u00e2ncia do trabalho dos professores. S\u00e3o eles que s\u00e3o respons\u00e1veis pelo futuro de nossos Jovens.&#8221; &#8211; Comentou a gestora.<\/span><\/p>\n<p><a href=\"http:\/\/www.maisbn.com\/portal\/wp-content\/uploads\/2016\/06\/40_professores00000006.jpg\"><img loading=\"lazy\" decoding=\"async\" class=\"aligncenter size-full wp-image-11187\" src=\"http:\/\/www.maisbn.com\/portal\/wp-content\/uploads\/2016\/06\/40_professores00000006.jpg\" alt=\"40_professores00000006\" width=\"650\" height=\"412\" \/><\/a><\/p>\n<p><span style=\"color: #000000;\">Nossa equipe conversou tamb\u00e9m com Rog\u00e9rio Bahia, representante da APLB-Belmonte. Rog\u00e9rio comentou a import\u00e2ncia dessa conquista que foi fruto de um grupo de trabalho em que participaram representantes da APLB, professores de 20 Horas e da Prefeitura Municipal de Belmonte. Segundo ele, foram vistos todos os par\u00e2metros para se chegar a esse aumento de carga hor\u00e1ria, j\u00e1 que, se teve a preocupa\u00e7\u00e3o de n\u00e3o comprometer a situa\u00e7\u00e3o financeira do munic\u00edpio. &#8220;Essa conquista \u00e9 fruto de um trabalho de todos e agradecemos a boa vontade da Prefeita Alice Britto que entendeu a situa\u00e7\u00e3o desses profissionais.&#8221; &#8211; Comentou Rog\u00e9rio.<\/span><\/p>\n","protected":false},"excerpt":{"rendered":"<p>Os professores da rede p\u00fablica municipal de Belmonte que tem a jornada de 20 Horas semanis terminaram a semana com uma boa not\u00edcia. Estamos falando do enquadramento desses profissionais para a carga hor\u00e1ria de 40 horas semanais. A autoriza\u00e7\u00e3o para a mudan\u00e7a de carga hor\u00e1ria foi assinada pela Prefeita Alice Britto em seu gabinete na [&hellip;]<\/p>\n","protected":false},"author":7,"featured_media":11185,"comment_status":"open","ping_status":"open","sticky":false,"template":"","format":"standard","meta":{"footnotes":""},"categories":[1],"tags":[108],"class_list":["post-11183","post","type-post","status-publish","format-standard","has-post-thumbnail","hentry","category-noticias","tag-belmonte"],"_links":{"self":[{"href":"https:\/\/www.maisbn.com\/portal\/wp-json\/wp\/v2\/posts\/11183","targetHints":{"allow":["GET"]}}],"collection":[{"href":"https:\/\/www.maisbn.com\/portal\/wp-json\/wp\/v2\/posts"}],"about":[{"href":"https:\/\/www.maisbn.com\/portal\/wp-json\/wp\/v2\/types\/post"}],"author":[{"embeddable":true,"href":"https:\/\/www.maisbn.com\/portal\/wp-json\/wp\/v2\/users\/7"}],"replies":[{"embeddable":true,"href":"https:\/\/www.maisbn.com\/portal\/wp-json\/wp\/v2\/comments?post=11183"}],"version-history":[{"count":2,"href":"https:\/\/www.maisbn.com\/portal\/wp-json\/wp\/v2\/posts\/11183\/revisions"}],"predecessor-version":[{"id":11188,"href":"https:\/\/www.maisbn.com\/portal\/wp-json\/wp\/v2\/posts\/11183\/revisions\/11188"}],"wp:featuredmedia":[{"embeddable":true,"href":"https:\/\/www.maisbn.com\/portal\/wp-json\/wp\/v2\/media\/11185"}],"wp:attachment":[{"href":"https:\/\/www.maisbn.com\/portal\/wp-json\/wp\/v2\/media?parent=11183"}],"wp:term":[{"taxonomy":"category","embeddable":true,"href":"https:\/\/www.maisbn.com\/portal\/wp-json\/wp\/v2\/categories?post=11183"},{"taxonomy":"post_tag","embeddable":true,"href":"https:\/\/www.maisbn.com\/portal\/wp-json\/wp\/v2\/tags?post=11183"}],"curies":[{"name":"wp","href":"https:\/\/api.w.org\/{rel}","templated":true}]}}