{"id":11176,"date":"2016-06-10T19:37:41","date_gmt":"2016-06-10T22:37:41","guid":{"rendered":"http:\/\/www.maisbn.com\/portal\/?p=11176"},"modified":"2016-06-10T19:37:41","modified_gmt":"2016-06-10T22:37:41","slug":"comunidade-belmontense-visita-fabrica-da-veracel-e-conhece-os-processos-de-producao","status":"publish","type":"post","link":"https:\/\/www.maisbn.com\/portal\/2016\/06\/comunidade-belmontense-visita-fabrica-da-veracel-e-conhece-os-processos-de-producao\/","title":{"rendered":"Comunidade belmontense visita F\u00e1brica da Veracel e conhece os processos de produ\u00e7\u00e3o."},"content":{"rendered":"<p><span style=\"color: #000000;\">Na \u00faltima quarta-feira (08\/06) agentes comunit\u00e1rios de sa\u00fade, diversas pessoas da comunidade e denomina\u00e7\u00f5es religiosas de Belmonte fizeram uma visita \u00e0 F\u00e1brica da Veracel e o Terminal Mar\u00edtimo de Belmonte.<\/span><\/p>\n<p><a href=\"http:\/\/www.maisbn.com\/portal\/wp-content\/uploads\/2016\/06\/visita_veracel00000001.jpg\"><img loading=\"lazy\" decoding=\"async\" class=\"aligncenter size-full wp-image-11179\" src=\"http:\/\/www.maisbn.com\/portal\/wp-content\/uploads\/2016\/06\/visita_veracel00000001.jpg\" alt=\"visita_veracel00000001\" width=\"650\" height=\"412\" \/><\/a><\/p>\n<p><span style=\"color: #000000;\">A empresa disponibilizou o transporte para os visitantes que foram recepcionados com um delicioso caf\u00e9 da manh\u00e3 assim que chegaram. Depois do caf\u00e9 os visitantes tiveram uma apresenta\u00e7\u00e3o te\u00f3rica de como funcionava a f\u00e1brica e toda a sua cadeia de produ\u00e7\u00e3o apresentada pelas funcion\u00e1rias D\u00e9bora, Karina e Andressa. As palestrantes ainda tiraram d\u00favidas dos visitantes.<\/span><\/p>\n<p><a href=\"http:\/\/www.maisbn.com\/portal\/wp-content\/uploads\/2016\/06\/visita_veracel00000020.jpg\"><img loading=\"lazy\" decoding=\"async\" class=\"aligncenter size-full wp-image-11180\" src=\"http:\/\/www.maisbn.com\/portal\/wp-content\/uploads\/2016\/06\/visita_veracel00000020.jpg\" alt=\"visita_veracel00000020\" width=\"650\" height=\"412\" \/><\/a><\/p>\n<p><span style=\"color: #000000;\">Logo ap\u00f3s a palestras os visitantes fizeram um passeio para conhecer toda a \u00e1rea de produ\u00e7\u00e3o da f\u00e1brica, desde a parte da madeira at\u00e9 o p\u00e1tio de secagem dos fardos de celulose. Logo ap\u00f3s os mesmos foram levados para conhecer as opera\u00e7\u00f5es do Terminal Mar\u00edtimo de Belmonte. No local os visitantes puderam ver o embarque dos fardos de celulose nas barca\u00e7as que levam o produto para o Estado do Esp\u00edrito Santo.<\/span><\/p>\n<p><a href=\"http:\/\/www.maisbn.com\/portal\/wp-content\/uploads\/2016\/06\/visita_veracel00000017.jpg\"><img loading=\"lazy\" decoding=\"async\" class=\"aligncenter size-full wp-image-11181\" src=\"http:\/\/www.maisbn.com\/portal\/wp-content\/uploads\/2016\/06\/visita_veracel00000017.jpg\" alt=\"visita_veracel00000017\" width=\"650\" height=\"412\" \/><\/a><\/p>\n<p><span style=\"color: #000000;\">A visita faz parte de um projeto da Veracel que busca aproximar a empresa das comunidades sob sua influ\u00eancia. O objetivo das visitas \u00e9 mostrar para as pessoas como funciona os processos industriais e desmistificar falsos conceitos que possam ocorrer contra a mesma. A produ\u00e7\u00e3o de celulose figura na atualidade como uma das maiores fontes de renda, emprego e impostos na regi\u00e3o. A Veracel figura hoje como a segunda maior fonte empregadora de Belmonte, perdendo apenas para a Prefeitura da cidade.<\/span><\/p>\n<p>&nbsp;<\/p>\n","protected":false},"excerpt":{"rendered":"<p>Na \u00faltima quarta-feira (08\/06) agentes comunit\u00e1rios de sa\u00fade, diversas pessoas da comunidade e denomina\u00e7\u00f5es religiosas de Belmonte fizeram uma visita \u00e0 F\u00e1brica da Veracel e o Terminal Mar\u00edtimo de Belmonte. A empresa disponibilizou o transporte para os visitantes que foram recepcionados com um delicioso caf\u00e9 da manh\u00e3 assim que chegaram. Depois do caf\u00e9 os visitantes [&hellip;]<\/p>\n","protected":false},"author":7,"featured_media":11179,"comment_status":"open","ping_status":"open","sticky":false,"template":"","format":"standard","meta":{"footnotes":""},"categories":[20,1],"tags":[108],"class_list":["post-11176","post","type-post","status-publish","format-standard","has-post-thumbnail","hentry","category-bahia","category-noticias","tag-belmonte"],"_links":{"self":[{"href":"https:\/\/www.maisbn.com\/portal\/wp-json\/wp\/v2\/posts\/11176","targetHints":{"allow":["GET"]}}],"collection":[{"href":"https:\/\/www.maisbn.com\/portal\/wp-json\/wp\/v2\/posts"}],"about":[{"href":"https:\/\/www.maisbn.com\/portal\/wp-json\/wp\/v2\/types\/post"}],"author":[{"embeddable":true,"href":"https:\/\/www.maisbn.com\/portal\/wp-json\/wp\/v2\/users\/7"}],"replies":[{"embeddable":true,"href":"https:\/\/www.maisbn.com\/portal\/wp-json\/wp\/v2\/comments?post=11176"}],"version-history":[{"count":2,"href":"https:\/\/www.maisbn.com\/portal\/wp-json\/wp\/v2\/posts\/11176\/revisions"}],"predecessor-version":[{"id":11182,"href":"https:\/\/www.maisbn.com\/portal\/wp-json\/wp\/v2\/posts\/11176\/revisions\/11182"}],"wp:featuredmedia":[{"embeddable":true,"href":"https:\/\/www.maisbn.com\/portal\/wp-json\/wp\/v2\/media\/11179"}],"wp:attachment":[{"href":"https:\/\/www.maisbn.com\/portal\/wp-json\/wp\/v2\/media?parent=11176"}],"wp:term":[{"taxonomy":"category","embeddable":true,"href":"https:\/\/www.maisbn.com\/portal\/wp-json\/wp\/v2\/categories?post=11176"},{"taxonomy":"post_tag","embeddable":true,"href":"https:\/\/www.maisbn.com\/portal\/wp-json\/wp\/v2\/tags?post=11176"}],"curies":[{"name":"wp","href":"https:\/\/api.w.org\/{rel}","templated":true}]}}