{"id":11108,"date":"2016-06-01T19:53:39","date_gmt":"2016-06-01T22:53:39","guid":{"rendered":"http:\/\/www.maisbn.com\/portal\/?p=11108"},"modified":"2016-06-01T21:16:56","modified_gmt":"2016-06-02T00:16:56","slug":"prefeitura-de-belmonte-informa-que-pagamentos-de-servidores-ja-foram-creditados","status":"publish","type":"post","link":"https:\/\/www.maisbn.com\/portal\/2016\/06\/prefeitura-de-belmonte-informa-que-pagamentos-de-servidores-ja-foram-creditados\/","title":{"rendered":"Prefeitura de Belmonte informa que pagamentos de servidores j\u00e1 foram creditados."},"content":{"rendered":"<p><a href=\"http:\/\/www.maisbn.com\/portal\/wp-content\/uploads\/2014\/11\/pagamentos.jpg\"><img loading=\"lazy\" decoding=\"async\" class=\"aligncenter size-full wp-image-6352\" src=\"http:\/\/www.maisbn.com\/portal\/wp-content\/uploads\/2014\/11\/pagamentos.jpg\" alt=\"pagamentos\" width=\"640\" height=\"358\" srcset=\"https:\/\/www.maisbn.com\/portal\/wp-content\/uploads\/2014\/11\/pagamentos.jpg 640w, https:\/\/www.maisbn.com\/portal\/wp-content\/uploads\/2014\/11\/pagamentos-625x350.jpg 625w\" sizes=\"auto, (max-width: 640px) 100vw, 640px\" \/><\/a><\/p>\n<p><span style=\"color: #000000;\">A Prefeitura Municipal de Belmonte informou no come\u00e7o da tarde dessa quarta-feira (01\/06) que foi creditado os sal\u00e1rios dos funcion\u00e1rios efetivos e contratados das Secretarias de Administra\u00e7\u00e3o, Gabinete, Meio Ambiente, Turismo e Secretaria de A\u00e7\u00e3o Social.<\/span><\/p>\n<p><span style=\"color: #000000;\">A Prefeitura ainda informou que foi enviado tamb\u00e9m para os bancos os sal\u00e1rios de todo o pessoal efetivo e comissionado da Secretaria de Educa\u00e7\u00e3o, incluindo professores e pessoal de apoio.<\/span><\/p>\n<p><span style=\"color: #000000;\">Os sal\u00e1rios dos profissionais lotados na Secretaria Municipal de Sa\u00fade estar\u00e3o sendo repassados entre os dias 04\/06 e 05\/06, datas em que s\u00e3o repassadas ao munic\u00edpio as verbas vindas do Minist\u00e9rio da Sa\u00fade. Os sal\u00e1rios dos funcion\u00e1rios contratados lotados na Educa\u00e7\u00e3o e na A\u00e7\u00e3o Social ser\u00e3o depositados at\u00e9 o pr\u00f3ximo dia 10\/06.<\/span><\/p>\n<p><span style=\"color: #000000;\">Nossa equipe no final dessa tarde conversou com a Secret\u00e1ria Municipal de Finan\u00e7as, a Sr\u00aa Ivani Santana e ela comentou que a situa\u00e7\u00e3o continua dif\u00edcil para todos os munic\u00edpios e que todos os gastos da Prefeitura Municipal de Belmonte est\u00e3o sendo controlados para n\u00e3o haver desperd\u00edcio de recursos. &#8220;N\u00f3s trabalhamos hoje com um per\u00edodo de incerteza. Fazemos as estimativas, mas n\u00e3o sabemos se aquele valor que esperamos vai chegar. \u00c9 isso que est\u00e1 atrapalhando a vida dos prefeitos. O problema \u00e9 que as despesas s\u00e3o fixas e com essa instabilidade financeira fica dif\u00edcil se desenhar um panorama a longo prazo.&#8221; &#8211; Comentou Ivani.<br \/>\n<\/span><\/p>\n<p><span style=\"color: #000000;\">Ainda abordamos a situa\u00e7\u00e3o dos fornecedores e prestadores de servi\u00e7os. Ivani comentou que todos os compromissos firmados est\u00e3o sendo mantidos. &#8220;N\u00f3s fizemos acordos com os fornecedores e estamos cumprindo os pagamentos. Todos s\u00e3o nossos parceiros, entenderam as nossas dificuldades e est\u00e3o nos ajudando a vencer esses desafios.&#8221; &#8211; Comentou a Secret\u00e1ria de Finan\u00e7as.<\/span><\/p>\n<p>&nbsp;<\/p>\n","protected":false},"excerpt":{"rendered":"<p>A Prefeitura Municipal de Belmonte informou no come\u00e7o da tarde dessa quarta-feira (01\/06) que foi creditado os sal\u00e1rios dos funcion\u00e1rios efetivos e contratados das Secretarias de Administra\u00e7\u00e3o, Gabinete, Meio Ambiente, Turismo e Secretaria de A\u00e7\u00e3o Social. A Prefeitura ainda informou que foi enviado tamb\u00e9m para os bancos os sal\u00e1rios de todo o pessoal efetivo e [&hellip;]<\/p>\n","protected":false},"author":7,"featured_media":6352,"comment_status":"open","ping_status":"open","sticky":false,"template":"","format":"standard","meta":{"footnotes":""},"categories":[45,1],"tags":[108],"class_list":["post-11108","post","type-post","status-publish","format-standard","has-post-thumbnail","hentry","category-cidades","category-noticias","tag-belmonte"],"_links":{"self":[{"href":"https:\/\/www.maisbn.com\/portal\/wp-json\/wp\/v2\/posts\/11108","targetHints":{"allow":["GET"]}}],"collection":[{"href":"https:\/\/www.maisbn.com\/portal\/wp-json\/wp\/v2\/posts"}],"about":[{"href":"https:\/\/www.maisbn.com\/portal\/wp-json\/wp\/v2\/types\/post"}],"author":[{"embeddable":true,"href":"https:\/\/www.maisbn.com\/portal\/wp-json\/wp\/v2\/users\/7"}],"replies":[{"embeddable":true,"href":"https:\/\/www.maisbn.com\/portal\/wp-json\/wp\/v2\/comments?post=11108"}],"version-history":[{"count":3,"href":"https:\/\/www.maisbn.com\/portal\/wp-json\/wp\/v2\/posts\/11108\/revisions"}],"predecessor-version":[{"id":11111,"href":"https:\/\/www.maisbn.com\/portal\/wp-json\/wp\/v2\/posts\/11108\/revisions\/11111"}],"wp:featuredmedia":[{"embeddable":true,"href":"https:\/\/www.maisbn.com\/portal\/wp-json\/wp\/v2\/media\/6352"}],"wp:attachment":[{"href":"https:\/\/www.maisbn.com\/portal\/wp-json\/wp\/v2\/media?parent=11108"}],"wp:term":[{"taxonomy":"category","embeddable":true,"href":"https:\/\/www.maisbn.com\/portal\/wp-json\/wp\/v2\/categories?post=11108"},{"taxonomy":"post_tag","embeddable":true,"href":"https:\/\/www.maisbn.com\/portal\/wp-json\/wp\/v2\/tags?post=11108"}],"curies":[{"name":"wp","href":"https:\/\/api.w.org\/{rel}","templated":true}]}}