{"id":11061,"date":"2016-05-24T11:00:42","date_gmt":"2016-05-24T14:00:42","guid":{"rendered":"http:\/\/www.maisbn.com\/portal\/?p=11061"},"modified":"2016-05-24T11:26:04","modified_gmt":"2016-05-24T14:26:04","slug":"deputado-estadual-janio-natal-felicita-belmonte-pelos-125-anos-de-emancipacao-politica","status":"publish","type":"post","link":"https:\/\/www.maisbn.com\/portal\/2016\/05\/deputado-estadual-janio-natal-felicita-belmonte-pelos-125-anos-de-emancipacao-politica\/","title":{"rendered":"Deputado Estadual J\u00e2nio Natal felicita Belmonte pelos 125 anos de emancipa\u00e7\u00e3o pol\u00edtica."},"content":{"rendered":"<p><a href=\"http:\/\/www.maisbn.com\/portal\/wp-content\/uploads\/2016\/02\/dep_janio_natal.jpg\"><img loading=\"lazy\" decoding=\"async\" class=\"aligncenter size-full wp-image-10178\" src=\"http:\/\/www.maisbn.com\/portal\/wp-content\/uploads\/2016\/02\/dep_janio_natal.jpg\" alt=\"dep_janio_natal\" width=\"530\" height=\"352\" \/><\/a><\/p>\n<p><span style=\"color: #000000;\">H\u00e1 125 anos, Belmonte foi emancipada. Ao longo de todo esse tempo, o munic\u00edpio vem escrevendo uma hist\u00f3ria de lutas e vit\u00f3rias, com s\u00edmbolos como o guaiamum e o farol, que ilumina o nosso caminho. <\/span><\/p>\n<p><span style=\"color: #000000;\">Com dedica\u00e7\u00e3o e f\u00e9, o povo belmontense tra\u00e7a esse percurso de amor e supera\u00e7\u00e3o, mostrando a sua coragem e a sua alegria, vencendo as dificuldades do presente com a esperan\u00e7a no futuro. <\/span><\/p>\n<p><span style=\"color: #000000;\">Parab\u00e9ns, minha gente, por mais de um s\u00e9culo de hist\u00f3ria! E continuemos em frente, com trabalho e esperan\u00e7a: est\u00e1 nascendo um novo dia, sobre nossa querida Belmonte!<\/span><\/p>\n","protected":false},"excerpt":{"rendered":"<p>H\u00e1 125 anos, Belmonte foi emancipada. Ao longo de todo esse tempo, o munic\u00edpio vem escrevendo uma hist\u00f3ria de lutas e vit\u00f3rias, com s\u00edmbolos como o guaiamum e o farol, que ilumina o nosso caminho. Com dedica\u00e7\u00e3o e f\u00e9, o povo belmontense tra\u00e7a esse percurso de amor e supera\u00e7\u00e3o, mostrando a sua coragem e a [&hellip;]<\/p>\n","protected":false},"author":7,"featured_media":10178,"comment_status":"open","ping_status":"open","sticky":false,"template":"","format":"standard","meta":{"footnotes":""},"categories":[1,7],"tags":[108],"class_list":["post-11061","post","type-post","status-publish","format-standard","has-post-thumbnail","hentry","category-noticias","category-politica","tag-belmonte"],"_links":{"self":[{"href":"https:\/\/www.maisbn.com\/portal\/wp-json\/wp\/v2\/posts\/11061","targetHints":{"allow":["GET"]}}],"collection":[{"href":"https:\/\/www.maisbn.com\/portal\/wp-json\/wp\/v2\/posts"}],"about":[{"href":"https:\/\/www.maisbn.com\/portal\/wp-json\/wp\/v2\/types\/post"}],"author":[{"embeddable":true,"href":"https:\/\/www.maisbn.com\/portal\/wp-json\/wp\/v2\/users\/7"}],"replies":[{"embeddable":true,"href":"https:\/\/www.maisbn.com\/portal\/wp-json\/wp\/v2\/comments?post=11061"}],"version-history":[{"count":1,"href":"https:\/\/www.maisbn.com\/portal\/wp-json\/wp\/v2\/posts\/11061\/revisions"}],"predecessor-version":[{"id":11062,"href":"https:\/\/www.maisbn.com\/portal\/wp-json\/wp\/v2\/posts\/11061\/revisions\/11062"}],"wp:featuredmedia":[{"embeddable":true,"href":"https:\/\/www.maisbn.com\/portal\/wp-json\/wp\/v2\/media\/10178"}],"wp:attachment":[{"href":"https:\/\/www.maisbn.com\/portal\/wp-json\/wp\/v2\/media?parent=11061"}],"wp:term":[{"taxonomy":"category","embeddable":true,"href":"https:\/\/www.maisbn.com\/portal\/wp-json\/wp\/v2\/categories?post=11061"},{"taxonomy":"post_tag","embeddable":true,"href":"https:\/\/www.maisbn.com\/portal\/wp-json\/wp\/v2\/tags?post=11061"}],"curies":[{"name":"wp","href":"https:\/\/api.w.org\/{rel}","templated":true}]}}