{"id":11029,"date":"2016-05-22T16:38:39","date_gmt":"2016-05-22T19:38:39","guid":{"rendered":"http:\/\/www.maisbn.com\/portal\/?p=11029"},"modified":"2016-05-22T16:50:21","modified_gmt":"2016-05-22T19:50:21","slug":"prefeitura-de-belmonte-comemora-125-anos-da-cidade-com-entregando-conquistas-para-a-comunidade","status":"publish","type":"post","link":"https:\/\/www.maisbn.com\/portal\/2016\/05\/prefeitura-de-belmonte-comemora-125-anos-da-cidade-com-entregando-conquistas-para-a-comunidade\/","title":{"rendered":"Prefeitura de Belmonte comemora 125 anos da cidade entregando conquistas para a comunidade."},"content":{"rendered":"<p><a href=\"http:\/\/www.maisbn.com\/portal\/wp-content\/uploads\/2015\/07\/prefeitura_de_belmonteatual.jpg\"><img loading=\"lazy\" decoding=\"async\" class=\"aligncenter size-full wp-image-8118\" src=\"http:\/\/www.maisbn.com\/portal\/wp-content\/uploads\/2015\/07\/prefeitura_de_belmonteatual.jpg\" alt=\"prefeitura_de_belmonteatual\" width=\"552\" height=\"310\" \/><\/a><\/p>\n<p><span style=\"color: #000000;\">A Prefeitura Municipal de Belmonte publicou na \u00faltima sexta-feira (20\/05) a programa\u00e7\u00e3o dos festejos em homenagem aos 125 anos de emancipa\u00e7\u00e3o pol\u00edtica do munic\u00edpio.<\/span><\/p>\n<p><span style=\"color: #000000;\">Esse ano, mais uma vez por conta das dificuldades financeiras que vem afetando as prefeituras de todo o pa\u00eds, a Prefeita Alice Britto preferiu investir em uma programa\u00e7\u00e3o c\u00edvica e sem muitos gastos financeiros. &#8221; N\u00e3o d\u00e1 para fazer uma grande festa e colocar as finan\u00e7as do munic\u00edpio em risco. Ao inv\u00e9s disso preferimos fazer uma comemora\u00e7\u00e3o mais modesta e entregar conquistas conseguidas por nossa administra\u00e7\u00e3o \u00e0 comunidade belmontense.&#8221; &#8211; Comentou a Prefeita Alice Britto.<\/span><\/p>\n<p><a href=\"http:\/\/www.maisbn.com\/portal\/wp-content\/uploads\/2016\/05\/onibus_escolar.jpg\"><img loading=\"lazy\" decoding=\"async\" class=\"aligncenter size-full wp-image-11030\" src=\"http:\/\/www.maisbn.com\/portal\/wp-content\/uploads\/2016\/05\/onibus_escolar.jpg\" alt=\"onibus_escolar\" width=\"497\" height=\"280\" \/><\/a><\/p>\n<p><span style=\"color: #000000;\">A programa\u00e7\u00e3o come\u00e7a \u00e0s 09:00Hrs da manh\u00e3 onde ocorrer\u00e1 o hasteamento da bandeira com desfile c\u00edvico e entrega e entrega de um \u00f4nibus escolar com a presen\u00e7a da Deputada Estadual Fab\u00edola Mansur e o Presidente da Asssembleia Legislativa da Bahia, o Deputado Estadual Marcelo Nilo.<\/span><\/p>\n<p><span style=\"color: #000000;\">Dando continuidade, aos festejos a Prefeita Alice Britto e os deputados citados partir\u00e3o para Santa Maria Eterna onde ser\u00e1 inaugurado o grande sonho daquela comunidade que \u00e9 o sistema de tratamento de \u00e1gua.&#8221;Vamos aproveitar para festejar junto ao povo de Santa Maria Eterna por essa grande conquista. O Sistema de Tratamento de \u00c1gua \u00e9 uma promessa de muitos anos que minha gest\u00e3o est\u00e1 conseguindo realizar.&#8221; &#8211; Comentou Alice.<\/span><\/p>\n<div id=\"attachment_11031\" style=\"width: 660px\" class=\"wp-caption aligncenter\"><a href=\"http:\/\/www.maisbn.com\/portal\/wp-content\/uploads\/2016\/05\/conselho_tutelar_veiculonovo.jpg\"><img loading=\"lazy\" decoding=\"async\" aria-describedby=\"caption-attachment-11031\" class=\"wp-image-11031 size-full\" src=\"http:\/\/www.maisbn.com\/portal\/wp-content\/uploads\/2016\/05\/conselho_tutelar_veiculonovo.jpg\" alt=\"conselho_tutelar_veiculonovo\" width=\"650\" height=\"390\" \/><\/a><p id=\"caption-attachment-11031\" class=\"wp-caption-text\">Conselho Tutelar recebendo o Kit Equipagem.<\/p><\/div>\n<p><span style=\"color: #000000;\">O munic\u00edpio de Belmonte ainda foi agraciado no m\u00eas de seu anivers\u00e1rio com um novo ve\u00edculo que atuar\u00e1 no Conselho Tutelar de Belmonte, gra\u00e7as a uma emenda parlamentar do Deputado Federal Valmir Assun\u00e7\u00e3o. O ve\u00edculo faz parte de um kit equipagem que cont\u00e9m ainda cinco computadores, uma impressora, um bebedouro e um refrigerador. A Secretaria Municipal de A\u00e7\u00e3o Social ainda informou que est\u00e1 previsto outro Kit Equipagem para o Conselho Tutelar de Barrol\u00e2ndia.<\/span><\/p>\n","protected":false},"excerpt":{"rendered":"<p>A Prefeitura Municipal de Belmonte publicou na \u00faltima sexta-feira (20\/05) a programa\u00e7\u00e3o dos festejos em homenagem aos 125 anos de emancipa\u00e7\u00e3o pol\u00edtica do munic\u00edpio. Esse ano, mais uma vez por conta das dificuldades financeiras que vem afetando as prefeituras de todo o pa\u00eds, a Prefeita Alice Britto preferiu investir em uma programa\u00e7\u00e3o c\u00edvica e sem [&hellip;]<\/p>\n","protected":false},"author":7,"featured_media":8118,"comment_status":"open","ping_status":"open","sticky":false,"template":"","format":"standard","meta":{"footnotes":""},"categories":[45,1],"tags":[108],"class_list":["post-11029","post","type-post","status-publish","format-standard","has-post-thumbnail","hentry","category-cidades","category-noticias","tag-belmonte"],"_links":{"self":[{"href":"https:\/\/www.maisbn.com\/portal\/wp-json\/wp\/v2\/posts\/11029","targetHints":{"allow":["GET"]}}],"collection":[{"href":"https:\/\/www.maisbn.com\/portal\/wp-json\/wp\/v2\/posts"}],"about":[{"href":"https:\/\/www.maisbn.com\/portal\/wp-json\/wp\/v2\/types\/post"}],"author":[{"embeddable":true,"href":"https:\/\/www.maisbn.com\/portal\/wp-json\/wp\/v2\/users\/7"}],"replies":[{"embeddable":true,"href":"https:\/\/www.maisbn.com\/portal\/wp-json\/wp\/v2\/comments?post=11029"}],"version-history":[{"count":3,"href":"https:\/\/www.maisbn.com\/portal\/wp-json\/wp\/v2\/posts\/11029\/revisions"}],"predecessor-version":[{"id":11034,"href":"https:\/\/www.maisbn.com\/portal\/wp-json\/wp\/v2\/posts\/11029\/revisions\/11034"}],"wp:featuredmedia":[{"embeddable":true,"href":"https:\/\/www.maisbn.com\/portal\/wp-json\/wp\/v2\/media\/8118"}],"wp:attachment":[{"href":"https:\/\/www.maisbn.com\/portal\/wp-json\/wp\/v2\/media?parent=11029"}],"wp:term":[{"taxonomy":"category","embeddable":true,"href":"https:\/\/www.maisbn.com\/portal\/wp-json\/wp\/v2\/categories?post=11029"},{"taxonomy":"post_tag","embeddable":true,"href":"https:\/\/www.maisbn.com\/portal\/wp-json\/wp\/v2\/tags?post=11029"}],"curies":[{"name":"wp","href":"https:\/\/api.w.org\/{rel}","templated":true}]}}