{"id":10931,"date":"2016-05-08T09:12:45","date_gmt":"2016-05-08T12:12:45","guid":{"rendered":"http:\/\/www.maisbn.com\/portal\/?p=10931"},"modified":"2016-05-08T09:12:45","modified_gmt":"2016-05-08T12:12:45","slug":"janio-natal-e-janival-fazem-homenageiam-dia-das-maes-em-redes-sociais","status":"publish","type":"post","link":"https:\/\/www.maisbn.com\/portal\/2016\/05\/janio-natal-e-janival-fazem-homenageiam-dia-das-maes-em-redes-sociais\/","title":{"rendered":"J\u00e2nio Natal e Janival fazem homenageiam Dia das M\u00e3es em redes sociais."},"content":{"rendered":"<p><a href=\"http:\/\/www.maisbn.com\/portal\/wp-content\/uploads\/2016\/05\/janionatal_diadasmaes.jpg\"><img loading=\"lazy\" decoding=\"async\" class=\"aligncenter size-full wp-image-10932\" src=\"http:\/\/www.maisbn.com\/portal\/wp-content\/uploads\/2016\/05\/janionatal_diadasmaes.jpg\" alt=\"janionatal_diadasmaes\" width=\"480\" height=\"480\" \/><\/a><\/p>\n<p><span style=\"color: #000000;\">Na manh\u00e3 desse domingo (08\/05) o Deputado Estadual J\u00e2nio Natal e seu irm\u00e3o e pr\u00e9-candidato Janival Andrade tamb\u00e9m fez uma linda homenagem ao Dia das m\u00e3es. &#8220;A maior recompensa de uma m\u00e3e \u00e9 ver a felicidade dos seus filhos. E a felicidade dos filhos \u00e9 ver o sorriso da mam\u00e3e. Parab\u00e9ns a todas as m\u00e3es!!!&#8221; &#8211; Comentou o Deputado em sua p\u00e1gina no Facebook.<\/span><\/p>\n","protected":false},"excerpt":{"rendered":"<p>Na manh\u00e3 desse domingo (08\/05) o Deputado Estadual J\u00e2nio Natal e seu irm\u00e3o e pr\u00e9-candidato Janival Andrade tamb\u00e9m fez uma linda homenagem ao Dia das m\u00e3es. &#8220;A maior recompensa de uma m\u00e3e \u00e9 ver a felicidade dos seus filhos. E a felicidade dos filhos \u00e9 ver o sorriso da mam\u00e3e. Parab\u00e9ns a todas as m\u00e3es!!!&#8221; [&hellip;]<\/p>\n","protected":false},"author":7,"featured_media":10932,"comment_status":"open","ping_status":"open","sticky":false,"template":"","format":"standard","meta":{"footnotes":""},"categories":[1,7],"tags":[108],"class_list":["post-10931","post","type-post","status-publish","format-standard","has-post-thumbnail","hentry","category-noticias","category-politica","tag-belmonte"],"_links":{"self":[{"href":"https:\/\/www.maisbn.com\/portal\/wp-json\/wp\/v2\/posts\/10931","targetHints":{"allow":["GET"]}}],"collection":[{"href":"https:\/\/www.maisbn.com\/portal\/wp-json\/wp\/v2\/posts"}],"about":[{"href":"https:\/\/www.maisbn.com\/portal\/wp-json\/wp\/v2\/types\/post"}],"author":[{"embeddable":true,"href":"https:\/\/www.maisbn.com\/portal\/wp-json\/wp\/v2\/users\/7"}],"replies":[{"embeddable":true,"href":"https:\/\/www.maisbn.com\/portal\/wp-json\/wp\/v2\/comments?post=10931"}],"version-history":[{"count":2,"href":"https:\/\/www.maisbn.com\/portal\/wp-json\/wp\/v2\/posts\/10931\/revisions"}],"predecessor-version":[{"id":10934,"href":"https:\/\/www.maisbn.com\/portal\/wp-json\/wp\/v2\/posts\/10931\/revisions\/10934"}],"wp:featuredmedia":[{"embeddable":true,"href":"https:\/\/www.maisbn.com\/portal\/wp-json\/wp\/v2\/media\/10932"}],"wp:attachment":[{"href":"https:\/\/www.maisbn.com\/portal\/wp-json\/wp\/v2\/media?parent=10931"}],"wp:term":[{"taxonomy":"category","embeddable":true,"href":"https:\/\/www.maisbn.com\/portal\/wp-json\/wp\/v2\/categories?post=10931"},{"taxonomy":"post_tag","embeddable":true,"href":"https:\/\/www.maisbn.com\/portal\/wp-json\/wp\/v2\/tags?post=10931"}],"curies":[{"name":"wp","href":"https:\/\/api.w.org\/{rel}","templated":true}]}}