{"id":10927,"date":"2016-05-08T07:03:14","date_gmt":"2016-05-08T10:03:14","guid":{"rendered":"http:\/\/www.maisbn.com\/portal\/?p=10927"},"modified":"2016-05-08T09:04:48","modified_gmt":"2016-05-08T12:04:48","slug":"ex-prefeito-iedo-elias-envia-mensagem-em-homenagem-ao-dia-das-maes","status":"publish","type":"post","link":"https:\/\/www.maisbn.com\/portal\/2016\/05\/ex-prefeito-iedo-elias-envia-mensagem-em-homenagem-ao-dia-das-maes\/","title":{"rendered":"Ex-prefeito I\u00eado Elias envia mensagem em homenagem ao Dia das m\u00e3es."},"content":{"rendered":"<p><a href=\"http:\/\/www.maisbn.com\/portal\/wp-content\/uploads\/2016\/05\/mensagemiedo.jpg\"><img loading=\"lazy\" decoding=\"async\" class=\"aligncenter size-full wp-image-10928\" src=\"http:\/\/www.maisbn.com\/portal\/wp-content\/uploads\/2016\/05\/mensagemiedo.jpg\" alt=\"mensagemiedo\" width=\"700\" height=\"556\" \/><\/a><\/p>\n<p><span style=\"color: #000000;\">O ex-prefeito e pr\u00e9-candidato I\u00eado Elias postou no final dessa semana uma mensagem em homenagem ao dia das m\u00e3es. O ex-gestor publicou em redes sociais a sua homenagem. &#8220;<span id=\"fbPhotoSnowliftCaption\" class=\"fbPhotosPhotoCaption\" tabindex=\"0\" data-ft=\"{&quot;tn&quot;:&quot;K&quot;}\"><span class=\"hasCaption\">Quero parabenizar a todas as m\u00e3es pela passagem do seu dia. Ali\u00e1s, dia das m\u00e3es s\u00e3o todos os dias. Eu que perdi a minha h\u00e1 mais de 42 anos, ainda lembro diariamente do seu colo, carinhos, Beijos e abra\u00e7os. Valorize, mais valorize muito, porque depois s\u00f3 ficar\u00e1 o exemplo e a saudade. Parab\u00e9ns e abra\u00e7os a todas as m\u00e3es.&#8221; &#8211; Comentou o pr\u00e9-candidato.<br \/>\n<\/span><\/span><\/span><\/p>\n<article id=\"post-41480\" class=\"post-41480 post type-post status-publish format-standard has-post-thumbnail hentry category-barrolandia category-belmonte category-destaque\">\n<div class=\"clearfix\"><span style=\"color: #000000;\">\u00a0<\/span><\/div>\n<footer>\n<div class=\"td-social-sharing\"><\/div>\n<\/footer>\n<\/article>\n","protected":false},"excerpt":{"rendered":"<p>O ex-prefeito e pr\u00e9-candidato I\u00eado Elias postou no final dessa semana uma mensagem em homenagem ao dia das m\u00e3es. O ex-gestor publicou em redes sociais a sua homenagem. &#8220;Quero parabenizar a todas as m\u00e3es pela passagem do seu dia. Ali\u00e1s, dia das m\u00e3es s\u00e3o todos os dias. Eu que perdi a minha h\u00e1 mais de [&hellip;]<\/p>\n","protected":false},"author":7,"featured_media":10928,"comment_status":"open","ping_status":"open","sticky":false,"template":"","format":"standard","meta":{"footnotes":""},"categories":[1,7],"tags":[108],"class_list":["post-10927","post","type-post","status-publish","format-standard","has-post-thumbnail","hentry","category-noticias","category-politica","tag-belmonte"],"_links":{"self":[{"href":"https:\/\/www.maisbn.com\/portal\/wp-json\/wp\/v2\/posts\/10927","targetHints":{"allow":["GET"]}}],"collection":[{"href":"https:\/\/www.maisbn.com\/portal\/wp-json\/wp\/v2\/posts"}],"about":[{"href":"https:\/\/www.maisbn.com\/portal\/wp-json\/wp\/v2\/types\/post"}],"author":[{"embeddable":true,"href":"https:\/\/www.maisbn.com\/portal\/wp-json\/wp\/v2\/users\/7"}],"replies":[{"embeddable":true,"href":"https:\/\/www.maisbn.com\/portal\/wp-json\/wp\/v2\/comments?post=10927"}],"version-history":[{"count":2,"href":"https:\/\/www.maisbn.com\/portal\/wp-json\/wp\/v2\/posts\/10927\/revisions"}],"predecessor-version":[{"id":10930,"href":"https:\/\/www.maisbn.com\/portal\/wp-json\/wp\/v2\/posts\/10927\/revisions\/10930"}],"wp:featuredmedia":[{"embeddable":true,"href":"https:\/\/www.maisbn.com\/portal\/wp-json\/wp\/v2\/media\/10928"}],"wp:attachment":[{"href":"https:\/\/www.maisbn.com\/portal\/wp-json\/wp\/v2\/media?parent=10927"}],"wp:term":[{"taxonomy":"category","embeddable":true,"href":"https:\/\/www.maisbn.com\/portal\/wp-json\/wp\/v2\/categories?post=10927"},{"taxonomy":"post_tag","embeddable":true,"href":"https:\/\/www.maisbn.com\/portal\/wp-json\/wp\/v2\/tags?post=10927"}],"curies":[{"name":"wp","href":"https:\/\/api.w.org\/{rel}","templated":true}]}}