{"id":10913,"date":"2016-05-06T16:09:59","date_gmt":"2016-05-06T19:09:59","guid":{"rendered":"http:\/\/www.maisbn.com\/portal\/?p=10913"},"modified":"2016-05-06T16:14:31","modified_gmt":"2016-05-06T19:14:31","slug":"upb-convoca-prefeitos-vereadores-e-municipalistas-para-participarem-da-xix-marcha-a-brasilia","status":"publish","type":"post","link":"https:\/\/www.maisbn.com\/portal\/2016\/05\/upb-convoca-prefeitos-vereadores-e-municipalistas-para-participarem-da-xix-marcha-a-brasilia\/","title":{"rendered":"UPB convoca prefeitos, vereadores e municipalistas para participarem da XIX Marcha a Bras\u00edlia."},"content":{"rendered":"<p><a href=\"http:\/\/www.maisbn.com\/portal\/wp-content\/uploads\/2016\/05\/Mobilizacao28.jpeg\"><img loading=\"lazy\" decoding=\"async\" class=\"aligncenter size-full wp-image-10914\" src=\"http:\/\/www.maisbn.com\/portal\/wp-content\/uploads\/2016\/05\/Mobilizacao28.jpeg\" alt=\"Mobilizacao28\" width=\"640\" height=\"480\" \/><\/a><\/p>\n<p><span style=\"color: #000000;\">De 09 a 12 de maio, ocorre na capital Federal a XIX Marcha a Bras\u00edlia em Defesa dos Munic\u00edpios, tendo o tema \u201cDesafios de Final de Mandato\u201d. O encontro \u00e9 promovido pela Confedera\u00e7\u00e3o Nacional de Munic\u00edpios \u2013 CNM, em parceria com entidades municipalistas de todo o Brasil. A presidente da Uni\u00e3o dos Munic\u00edpios da Bahia (UPB), prefeita de Cardeal da Silva, Maria Quit\u00e9ria, convoca prefeitos, vereadores, gestores municipais e demais municipalistas para participarem do maior evento da Am\u00e9rica Latina sobre Municipalismo.<\/span><\/p>\n<p><span style=\"color: #000000;\">\u201cS\u00e3o muitos os desafios em 2016 que devem ser superados pelos Munic\u00edpios brasileiros. O equil\u00edbrio financeiro frente as constantes quedas de arrecada\u00e7\u00e3o e a obrigatoriedade de cumprimento de leis e decretos\u00a0 se torna \u00e1rduo, principalmente, no exerc\u00edcio final dos mandatos. Devemos considerar ainda a\u00a0 instala\u00e7\u00e3o de crise econ\u00f4mica e pol\u00edtica no Brasil, que consequentemente emperra as quest\u00f5es municipalistas no Executivo, Legislativo e Judici\u00e1rio. Diante desse cen\u00e1rio preocupante, convoco todos os prefeitos e demais municipalistas para juntos marcharmos \u00e0 Bras\u00edlia, numa press\u00e3o conjunta e forte\u201d, disse a presidente da UPB, ao ressaltar que o evento propicia a amplia\u00e7\u00e3o das discuss\u00f5es e os pleitos do municipalismo brasileiro.<\/span><\/p>\n<p><a href=\"http:\/\/www.maisbn.com\/portal\/wp-content\/uploads\/2016\/05\/Marcha1112.jpg\"><img loading=\"lazy\" decoding=\"async\" class=\"aligncenter size-full wp-image-10915\" src=\"http:\/\/www.maisbn.com\/portal\/wp-content\/uploads\/2016\/05\/Marcha1112.jpg\" alt=\"Marcha1112\" width=\"640\" height=\"480\" \/><\/a><\/p>\n<p><span style=\"color: #000000;\">Entre as pautas que dever\u00e3o ser debatidas neste ano est\u00e1 a proposta em processo de vota\u00e7\u00e3o no Senado Federal que permitir\u00e1, se aprovada, uma justa distribui\u00e7\u00e3o para todos os Munic\u00edpios dos recursos gerados na cobran\u00e7a do Imposto sobre Servi\u00e7os (ISS) que incidem nas opera\u00e7\u00f5es de cart\u00f5es de cr\u00e9dito\/ d\u00e9bito e leasing. Al\u00e9m desse tema, a facilita\u00e7\u00e3o do processo de realiza\u00e7\u00e3o de cons\u00f3rcios p\u00fablicos, a prorroga\u00e7\u00e3o do prazo para a aplica\u00e7\u00e3o de tratamento dos res\u00edduos s\u00f3lidos, dentre outros, e ainda o desenlace da a\u00e7\u00e3o que tramita no Supremo Tribunal Federal permitindo a aplica\u00e7\u00e3o da Lei dos Royalties ser\u00e3o debatidos.<\/span><\/p>\n<p><span style=\"color: #000000;\">Os participantes da Marcha ter\u00e3o ainda a oportunidade de participarem de arenas t\u00e9cnicas sobre os diversos temas das \u00e1reas da gest\u00e3o p\u00fablica municipal. Ao t\u00e9rmino do evento, uma carta ser\u00e1 redigida pela CNM e, posteriormente, apresentada ao Governo Federal e Congresso Nacional.<\/span><\/p>\n<p><span style=\"color: #000000;\">A Marcha a Bras\u00edlia em Defesa dos Munic\u00edpios \u00e9 uma mobiliza\u00e7\u00e3o democr\u00e1tica, realizada anualmente desde 1998, e tornou-se o maior evento pol\u00edtico do Brasil, contando com a presen\u00e7a de mais de 5 mil participantes: prefeitos, secret\u00e1rios municipais, vereadores, senadores, governadores, parlamentares estaduais e federais, ministros e presidentes da Rep\u00fablica. Durante o evento s\u00e3o discutidas quest\u00f5es que influenciam o dia-a-dia dos Munic\u00edpios e s\u00e3o apresentadas as reivindica\u00e7\u00f5es do movimento municipalista. A maioria das conquistas municipalistas deve-se ao grande poder de mobiliza\u00e7\u00e3o e articula\u00e7\u00e3o dos gestores p\u00fablicos municipais durante a Marcha.<\/span><\/p>\n","protected":false},"excerpt":{"rendered":"<p>De 09 a 12 de maio, ocorre na capital Federal a XIX Marcha a Bras\u00edlia em Defesa dos Munic\u00edpios, tendo o tema \u201cDesafios de Final de Mandato\u201d. O encontro \u00e9 promovido pela Confedera\u00e7\u00e3o Nacional de Munic\u00edpios \u2013 CNM, em parceria com entidades municipalistas de todo o Brasil. A presidente da Uni\u00e3o dos Munic\u00edpios da Bahia [&hellip;]<\/p>\n","protected":false},"author":7,"featured_media":10915,"comment_status":"open","ping_status":"open","sticky":false,"template":"","format":"standard","meta":{"footnotes":""},"categories":[45,1],"tags":[108],"class_list":["post-10913","post","type-post","status-publish","format-standard","has-post-thumbnail","hentry","category-cidades","category-noticias","tag-belmonte"],"_links":{"self":[{"href":"https:\/\/www.maisbn.com\/portal\/wp-json\/wp\/v2\/posts\/10913","targetHints":{"allow":["GET"]}}],"collection":[{"href":"https:\/\/www.maisbn.com\/portal\/wp-json\/wp\/v2\/posts"}],"about":[{"href":"https:\/\/www.maisbn.com\/portal\/wp-json\/wp\/v2\/types\/post"}],"author":[{"embeddable":true,"href":"https:\/\/www.maisbn.com\/portal\/wp-json\/wp\/v2\/users\/7"}],"replies":[{"embeddable":true,"href":"https:\/\/www.maisbn.com\/portal\/wp-json\/wp\/v2\/comments?post=10913"}],"version-history":[{"count":3,"href":"https:\/\/www.maisbn.com\/portal\/wp-json\/wp\/v2\/posts\/10913\/revisions"}],"predecessor-version":[{"id":10918,"href":"https:\/\/www.maisbn.com\/portal\/wp-json\/wp\/v2\/posts\/10913\/revisions\/10918"}],"wp:featuredmedia":[{"embeddable":true,"href":"https:\/\/www.maisbn.com\/portal\/wp-json\/wp\/v2\/media\/10915"}],"wp:attachment":[{"href":"https:\/\/www.maisbn.com\/portal\/wp-json\/wp\/v2\/media?parent=10913"}],"wp:term":[{"taxonomy":"category","embeddable":true,"href":"https:\/\/www.maisbn.com\/portal\/wp-json\/wp\/v2\/categories?post=10913"},{"taxonomy":"post_tag","embeddable":true,"href":"https:\/\/www.maisbn.com\/portal\/wp-json\/wp\/v2\/tags?post=10913"}],"curies":[{"name":"wp","href":"https:\/\/api.w.org\/{rel}","templated":true}]}}