{"id":10906,"date":"2016-05-06T15:27:44","date_gmt":"2016-05-06T18:27:44","guid":{"rendered":"http:\/\/www.maisbn.com\/portal\/?p=10906"},"modified":"2016-05-06T15:27:44","modified_gmt":"2016-05-06T18:27:44","slug":"verbas-para-farmacia-popular-e-samu-acabam-em-agosto-diz-ministerio-da-saude","status":"publish","type":"post","link":"https:\/\/www.maisbn.com\/portal\/2016\/05\/verbas-para-farmacia-popular-e-samu-acabam-em-agosto-diz-ministerio-da-saude\/","title":{"rendered":"Verbas para Farm\u00e1cia Popular e Samu acabam em agosto, diz Minist\u00e9rio da Sa\u00fade."},"content":{"rendered":"<p><a href=\"http:\/\/www.maisbn.com\/portal\/wp-content\/uploads\/2016\/05\/farmaciapopular.jpg\"><img loading=\"lazy\" decoding=\"async\" class=\"aligncenter size-full wp-image-10907\" src=\"http:\/\/www.maisbn.com\/portal\/wp-content\/uploads\/2016\/05\/farmaciapopular.jpg\" alt=\"farmaciapopular\" width=\"640\" height=\"480\" \/><\/a><\/p>\n<p><span style=\"color: #000000;\">O ministro da Sa\u00fade em exerc\u00edcio, Agenor \u00c1lvares da Silva, afirmou que recursos para Farm\u00e1cia Popular e para o Servi\u00e7o de Atendimento M\u00f3vel de Urg\u00eancia (Samu) s\u00e3o suficientes somente at\u00e9 agosto. Depois disso, uma solu\u00e7\u00e3o ter\u00e1 de ser encontrada para financiar os dois programas. &#8220;Ser\u00e1 preciso encontrar uma forma de pagamento&#8221;, disse, ao sair de reuni\u00e3o no Conselho Nacional de Sa\u00fade. \u00c1lvares da Silva confirmou ainda que recursos n\u00e3o ser\u00e3o suficientes para honrar compromissos de procedimentos de m\u00e9dia e alta complexidade, como cirurgias e interna\u00e7\u00f5es, a partir de dezembro.\u00a0<\/span><\/p>\n<p><span style=\"color: #000000;\">A dificuldade no pagamento de contas \u00e9 fruto de uma redu\u00e7\u00e3o na previs\u00e3o do or\u00e7amento para o Minist\u00e9rio da Sa\u00fade em 2016, no valor de R$ 5,5 bilh\u00f5es. Fontes ouvidas pela reportagem afirmam que o aperto nas contas come\u00e7ou a ser sentido h\u00e1 alguns meses.\u00a0Propostas de novas atividades e solicita\u00e7\u00e3o de recursos v\u00eam recebendo resposta negativa em raz\u00e3o do aperto. &#8220;Diante da redu\u00e7\u00e3o das verbas, procuramos no primeiro momento controlar os gastos discricion\u00e1rios. <\/span><\/p>\n<p><span style=\"color: #000000;\">Depois de algum tempo, no entanto, eles chegar\u00e3o tamb\u00e9m a procedimentos como repasses para procedimentos como cirurgias&#8221;, disse o ministro em exerc\u00edcio.\u00a0A falta de verbas afetaria, de acordo com \u00c1lvares da Silva, o Aqui Tem Farm\u00e1cia Popular, um dos desdobramentos do programa inicial, em que estabelecimentos comerciais vendem medicamentos para rinite, colesterol, mal de Parkinson, glaucoma, osteoporose, anticoncepcionais e fraldas geri\u00e1tricas. O pre\u00e7o n\u00e3o \u00e9 cobrado da popula\u00e7\u00e3o, mas \u00e9 reembolsado pelo Minist\u00e9rio da Sa\u00fade aos estabelecimentos. &#8220;A partir de setembro, vamos ver como esse repasse ter\u00e1 de ser feito para as farm\u00e1cias credenciadas&#8221;.\u00a0<\/span><\/p>\n<p><span style=\"color: #000000;\">Uma das preocupa\u00e7\u00f5es \u00e9 a falta de recursos tamb\u00e9m para procedimentos de m\u00e9dia e alta complexidade. O problema j\u00e1 aconteceu h\u00e1 dois anos, causando uma onda de protestos entre prestadores de servi\u00e7os. Em setembro de 2015, o ent\u00e3o ministro da Sa\u00fade, Arthur Chioro, poucos dias antes de deixar a pasta, j\u00e1 havia alertado, em entrevista ao Estado, sobre a dificuldade para quitar as contas em 2016.\u00a0Ao longo deste ano, a pasta afirmou que problemas seriam resolvidos a tempo. \u00c1lvares da Silva disse ter esperan\u00e7a de que uma solu\u00e7\u00e3o ser\u00e1 encontrada. <\/span><\/p>\n","protected":false},"excerpt":{"rendered":"<p>O ministro da Sa\u00fade em exerc\u00edcio, Agenor \u00c1lvares da Silva, afirmou que recursos para Farm\u00e1cia Popular e para o Servi\u00e7o de Atendimento M\u00f3vel de Urg\u00eancia (Samu) s\u00e3o suficientes somente at\u00e9 agosto. Depois disso, uma solu\u00e7\u00e3o ter\u00e1 de ser encontrada para financiar os dois programas. &#8220;Ser\u00e1 preciso encontrar uma forma de pagamento&#8221;, disse, ao sair de [&hellip;]<\/p>\n","protected":false},"author":7,"featured_media":10907,"comment_status":"open","ping_status":"open","sticky":false,"template":"","format":"standard","meta":{"footnotes":""},"categories":[45,1],"tags":[108],"class_list":["post-10906","post","type-post","status-publish","format-standard","has-post-thumbnail","hentry","category-cidades","category-noticias","tag-belmonte"],"_links":{"self":[{"href":"https:\/\/www.maisbn.com\/portal\/wp-json\/wp\/v2\/posts\/10906","targetHints":{"allow":["GET"]}}],"collection":[{"href":"https:\/\/www.maisbn.com\/portal\/wp-json\/wp\/v2\/posts"}],"about":[{"href":"https:\/\/www.maisbn.com\/portal\/wp-json\/wp\/v2\/types\/post"}],"author":[{"embeddable":true,"href":"https:\/\/www.maisbn.com\/portal\/wp-json\/wp\/v2\/users\/7"}],"replies":[{"embeddable":true,"href":"https:\/\/www.maisbn.com\/portal\/wp-json\/wp\/v2\/comments?post=10906"}],"version-history":[{"count":1,"href":"https:\/\/www.maisbn.com\/portal\/wp-json\/wp\/v2\/posts\/10906\/revisions"}],"predecessor-version":[{"id":10908,"href":"https:\/\/www.maisbn.com\/portal\/wp-json\/wp\/v2\/posts\/10906\/revisions\/10908"}],"wp:featuredmedia":[{"embeddable":true,"href":"https:\/\/www.maisbn.com\/portal\/wp-json\/wp\/v2\/media\/10907"}],"wp:attachment":[{"href":"https:\/\/www.maisbn.com\/portal\/wp-json\/wp\/v2\/media?parent=10906"}],"wp:term":[{"taxonomy":"category","embeddable":true,"href":"https:\/\/www.maisbn.com\/portal\/wp-json\/wp\/v2\/categories?post=10906"},{"taxonomy":"post_tag","embeddable":true,"href":"https:\/\/www.maisbn.com\/portal\/wp-json\/wp\/v2\/tags?post=10906"}],"curies":[{"name":"wp","href":"https:\/\/api.w.org\/{rel}","templated":true}]}}