{"id":10901,"date":"2016-05-04T10:06:55","date_gmt":"2016-05-04T13:06:55","guid":{"rendered":"http:\/\/www.maisbn.com\/portal\/?p=10901"},"modified":"2016-05-04T10:06:55","modified_gmt":"2016-05-04T13:06:55","slug":"atleta-belmontense-fica-em-5o-lugar-no-campeonato-brasileiro-de-jiu-jitsu","status":"publish","type":"post","link":"https:\/\/www.maisbn.com\/portal\/2016\/05\/atleta-belmontense-fica-em-5o-lugar-no-campeonato-brasileiro-de-jiu-jitsu\/","title":{"rendered":"Atleta belmontense fica em 5\u00ba lugar no Campeonato Brasileiro de Jiu-j\u00edtsu."},"content":{"rendered":"<p><span style=\"color: #000000;\">O jovem belmontense Tarc\u00edsio Gomes, revela\u00e7\u00e3o do Jiu-j\u00edtsu baiano, enfrentou mais uma competi\u00e7\u00e3o que aconteceu entre os dias 27\/04 ao dia 01\/05. Estamos falando do maior campeonato de Jiu-j\u00edtsu do Brasil, o Campeonato Brasileiro de Jiu-j\u00edtsu. O evento aconteceu em S\u00e3o Paulo e contou com a participa\u00e7\u00e3o dos melhores atletas do pa\u00eds.<\/span><\/p>\n<div id=\"attachment_10903\" style=\"width: 660px\" class=\"wp-caption aligncenter\"><a href=\"http:\/\/www.maisbn.com\/portal\/wp-content\/uploads\/2016\/05\/tarcisiojiujitsucampeao00002.jpg\"><img loading=\"lazy\" decoding=\"async\" aria-describedby=\"caption-attachment-10903\" class=\"wp-image-10903 size-full\" src=\"http:\/\/www.maisbn.com\/portal\/wp-content\/uploads\/2016\/05\/tarcisiojiujitsucampeao00002.jpg\" alt=\"tarcisiojiujitsucampeao00002\" width=\"650\" height=\"412\" \/><\/a><p id=\"caption-attachment-10903\" class=\"wp-caption-text\">ATLETA TARC\u00cdSIO GOMES E O DIRETOR DE ESPORTES DA SECRETARIA MUNICIPAL DE ESPORTES DE BELMONTE NO AEROPORTO DE PORTO SEGURO.<\/p><\/div>\n<p><span style=\"color: #000000;\">O jovem belmontense come\u00e7ou bem vencendo a sua primeira luta, mas, infelizmente, Tarc\u00edsio, enfrentou dificuldades no segundo combate e acabou perdendo para o seu segundo oponente. Com o resultado, entre os 13 melhores atletas da competi\u00e7\u00e3o Tarc\u00edsio acabou ficando em 5\u00ba lugar e n\u00e3o p\u00f4de subir ao p\u00f3dio da vit\u00f3ria dessa vez. O atleta, em conversa com nossa equipe, informou que passou por um problema psicol\u00f3gico que tirou o foco do segundo combate.<\/span><\/p>\n<div id=\"attachment_10902\" style=\"width: 660px\" class=\"wp-caption aligncenter\"><a href=\"http:\/\/www.maisbn.com\/portal\/wp-content\/uploads\/2016\/05\/tarcisiojiujitsucampeao00001.jpg\"><img loading=\"lazy\" decoding=\"async\" aria-describedby=\"caption-attachment-10902\" class=\"wp-image-10902 size-full\" src=\"http:\/\/www.maisbn.com\/portal\/wp-content\/uploads\/2016\/05\/tarcisiojiujitsucampeao00001.jpg\" alt=\"tarcisiojiujitsucampeao00001\" width=\"650\" height=\"412\" \/><\/a><p id=\"caption-attachment-10902\" class=\"wp-caption-text\">TARC\u00cdSIO EM S\u00c3O PAULO DURANTE A COMPETI\u00c7\u00c3O.<\/p><\/div>\n<p><span style=\"color: #000000;\">Ainda em conversa com nossa reportagem, Tarcisio colocou que n\u00e3o ficou satisfeito com o resultado e que o seu objetivo era estar entre os tr\u00eas melhores. O atleta contou que a derrota n\u00e3o tirou o seu \u00e2nimo e que o mesmo ir\u00e1 estudar os erros cometidos, trabalhar as dificuldades apresentadas e se aprimorar para as pr\u00f3ximas competi\u00e7\u00f5es. &#8220;O resultado me deu mais motiva\u00e7\u00e3o para buscar a vit\u00f3ria e me fez ver que eu tenho ainda muito a melhorar.&#8221; &#8211; Comentou Tarc\u00edsio.<\/span><\/p>\n<p>&nbsp;<\/p>\n<p>&nbsp;<\/p>\n","protected":false},"excerpt":{"rendered":"<p>O jovem belmontense Tarc\u00edsio Gomes, revela\u00e7\u00e3o do Jiu-j\u00edtsu baiano, enfrentou mais uma competi\u00e7\u00e3o que aconteceu entre os dias 27\/04 ao dia 01\/05. Estamos falando do maior campeonato de Jiu-j\u00edtsu do Brasil, o Campeonato Brasileiro de Jiu-j\u00edtsu. O evento aconteceu em S\u00e3o Paulo e contou com a participa\u00e7\u00e3o dos melhores atletas do pa\u00eds. O jovem belmontense [&hellip;]<\/p>\n","protected":false},"author":7,"featured_media":10902,"comment_status":"open","ping_status":"open","sticky":false,"template":"","format":"standard","meta":{"footnotes":""},"categories":[10,1],"tags":[108],"class_list":["post-10901","post","type-post","status-publish","format-standard","has-post-thumbnail","hentry","category-esporte","category-noticias","tag-belmonte"],"_links":{"self":[{"href":"https:\/\/www.maisbn.com\/portal\/wp-json\/wp\/v2\/posts\/10901","targetHints":{"allow":["GET"]}}],"collection":[{"href":"https:\/\/www.maisbn.com\/portal\/wp-json\/wp\/v2\/posts"}],"about":[{"href":"https:\/\/www.maisbn.com\/portal\/wp-json\/wp\/v2\/types\/post"}],"author":[{"embeddable":true,"href":"https:\/\/www.maisbn.com\/portal\/wp-json\/wp\/v2\/users\/7"}],"replies":[{"embeddable":true,"href":"https:\/\/www.maisbn.com\/portal\/wp-json\/wp\/v2\/comments?post=10901"}],"version-history":[{"count":1,"href":"https:\/\/www.maisbn.com\/portal\/wp-json\/wp\/v2\/posts\/10901\/revisions"}],"predecessor-version":[{"id":10904,"href":"https:\/\/www.maisbn.com\/portal\/wp-json\/wp\/v2\/posts\/10901\/revisions\/10904"}],"wp:featuredmedia":[{"embeddable":true,"href":"https:\/\/www.maisbn.com\/portal\/wp-json\/wp\/v2\/media\/10902"}],"wp:attachment":[{"href":"https:\/\/www.maisbn.com\/portal\/wp-json\/wp\/v2\/media?parent=10901"}],"wp:term":[{"taxonomy":"category","embeddable":true,"href":"https:\/\/www.maisbn.com\/portal\/wp-json\/wp\/v2\/categories?post=10901"},{"taxonomy":"post_tag","embeddable":true,"href":"https:\/\/www.maisbn.com\/portal\/wp-json\/wp\/v2\/tags?post=10901"}],"curies":[{"name":"wp","href":"https:\/\/api.w.org\/{rel}","templated":true}]}}