{"id":10887,"date":"2016-05-02T16:18:21","date_gmt":"2016-05-02T19:18:21","guid":{"rendered":"http:\/\/www.maisbn.com\/portal\/?p=10887"},"modified":"2016-05-02T18:16:57","modified_gmt":"2016-05-02T21:16:57","slug":"prefeitura-de-belmonte-da-pontape-inicial-para-obras-das-pracas-da-matriz-e-sao-joao","status":"publish","type":"post","link":"https:\/\/www.maisbn.com\/portal\/2016\/05\/prefeitura-de-belmonte-da-pontape-inicial-para-obras-das-pracas-da-matriz-e-sao-joao\/","title":{"rendered":"Prefeitura de Belmonte d\u00e1 pontap\u00e9 inicial para obras das Pra\u00e7as da Matriz e S\u00e3o Jo\u00e3o."},"content":{"rendered":"<p><span style=\"color: #000000;\">Na tarde do \u00faltimo s\u00e1bado (30\/04) a Prefeita Alice Britto e sua comitiva deu o pontap\u00e9 inicial para as obras de reforma das Pra\u00e7as da Matriz e S\u00e3o Jo\u00e3o. A gestora fez quest\u00e3o de ir pessoalmente fixar as placas das obras citadas e comentou com todos os presentes a import\u00e2ncia que essas obra tem para a comunidade.<\/span><\/p>\n<p><a href=\"http:\/\/www.maisbn.com\/portal\/wp-content\/uploads\/2016\/05\/ObrasAlice_006.jpg\"><img loading=\"lazy\" decoding=\"async\" class=\"aligncenter wp-image-10891 size-full\" src=\"http:\/\/www.maisbn.com\/portal\/wp-content\/uploads\/2016\/05\/ObrasAlice_006.jpg\" alt=\"\" width=\"650\" height=\"412\" \/><\/a><\/p>\n<p><span style=\"color: #000000;\">A Pra\u00e7a S\u00e3o Jo\u00e3o, que ter\u00e1 verbas federais no valor de R$ 304.200,00 conseguidas atrav\u00e9s de uma emenda do Deputado Federal Claudio Cajado, era um anseio antigo do povo belmontense que nunca foi atendido pelas gest\u00f5es passadas. Alice comentou com todos que se sentia muito orgulhosa por ser a prefeita que iria reformar essa tradicional pra\u00e7a e que a entrega do local totalmente reformado seria um verdadeiro presente para a comunidade.<\/span><\/p>\n<p><a href=\"http:\/\/www.maisbn.com\/portal\/wp-content\/uploads\/2016\/05\/ObrasAlice_012.jpg\"><img loading=\"lazy\" decoding=\"async\" class=\"aligncenter wp-image-10888 size-full\" src=\"http:\/\/www.maisbn.com\/portal\/wp-content\/uploads\/2016\/05\/ObrasAlice_012.jpg\" alt=\"\" width=\"650\" height=\"412\" \/><\/a><\/p>\n<p><span style=\"color: #000000;\">A Pra\u00e7a da Matriz tamb\u00e9m foi contemplada com verbas federais no valor de R$ 304.200,00 que foram conseguidas atrav\u00e9s de uma emenda conseguida pelo Deputado Estadual J\u00e2nio Natal, que na \u00e9poca era Deputado Federal. Alice comentou que recebeu a indica\u00e7\u00e3o do citado deputado e que a sua equipe cuidou de todo o processo para que essa verba fosse liberada para o munic\u00edpio de Belmonte. Alice colocou em seu discurso que toda a ajuda que venha para o munic\u00edpio \u00e9 bem vinda e que o objetivo de sua gest\u00e3o de conseguir o melhor para a cidade est\u00e1 acima de qualquer disputa pol\u00edtico-partid\u00e1ria. &#8220;Eu n\u00e3o me prendo a picuinhas e sou uma pessoa com pensamentos modernos. Nosso munic\u00edpio \u00e9 carente de investimentos e toda a ajuda que vier para melhorar a vida do povo belmontense ser\u00e1 bem recebida por minha gest\u00e3o.&#8221; &#8211; Comentou Alice.<\/span><\/p>\n<p><span style=\"color: #000000;\">As empresas licitadas para a execu\u00e7\u00e3o das obras citadas come\u00e7ar\u00e3o os trabalhos nos pr\u00f3ximos dias e em pouco tempo Belmonte ter\u00e1 esses importantes locais totalmente reformados e entregues para o uso da comunidade.<\/span><\/p>\n","protected":false},"excerpt":{"rendered":"<p>Na tarde do \u00faltimo s\u00e1bado (30\/04) a Prefeita Alice Britto e sua comitiva deu o pontap\u00e9 inicial para as obras de reforma das Pra\u00e7as da Matriz e S\u00e3o Jo\u00e3o. A gestora fez quest\u00e3o de ir pessoalmente fixar as placas das obras citadas e comentou com todos os presentes a import\u00e2ncia que essas obra tem para [&hellip;]<\/p>\n","protected":false},"author":7,"featured_media":10891,"comment_status":"open","ping_status":"open","sticky":false,"template":"","format":"standard","meta":{"footnotes":""},"categories":[45,1],"tags":[108],"class_list":["post-10887","post","type-post","status-publish","format-standard","has-post-thumbnail","hentry","category-cidades","category-noticias","tag-belmonte"],"_links":{"self":[{"href":"https:\/\/www.maisbn.com\/portal\/wp-json\/wp\/v2\/posts\/10887","targetHints":{"allow":["GET"]}}],"collection":[{"href":"https:\/\/www.maisbn.com\/portal\/wp-json\/wp\/v2\/posts"}],"about":[{"href":"https:\/\/www.maisbn.com\/portal\/wp-json\/wp\/v2\/types\/post"}],"author":[{"embeddable":true,"href":"https:\/\/www.maisbn.com\/portal\/wp-json\/wp\/v2\/users\/7"}],"replies":[{"embeddable":true,"href":"https:\/\/www.maisbn.com\/portal\/wp-json\/wp\/v2\/comments?post=10887"}],"version-history":[{"count":4,"href":"https:\/\/www.maisbn.com\/portal\/wp-json\/wp\/v2\/posts\/10887\/revisions"}],"predecessor-version":[{"id":10895,"href":"https:\/\/www.maisbn.com\/portal\/wp-json\/wp\/v2\/posts\/10887\/revisions\/10895"}],"wp:featuredmedia":[{"embeddable":true,"href":"https:\/\/www.maisbn.com\/portal\/wp-json\/wp\/v2\/media\/10891"}],"wp:attachment":[{"href":"https:\/\/www.maisbn.com\/portal\/wp-json\/wp\/v2\/media?parent=10887"}],"wp:term":[{"taxonomy":"category","embeddable":true,"href":"https:\/\/www.maisbn.com\/portal\/wp-json\/wp\/v2\/categories?post=10887"},{"taxonomy":"post_tag","embeddable":true,"href":"https:\/\/www.maisbn.com\/portal\/wp-json\/wp\/v2\/tags?post=10887"}],"curies":[{"name":"wp","href":"https:\/\/api.w.org\/{rel}","templated":true}]}}