{"id":10870,"date":"2016-04-30T20:51:25","date_gmt":"2016-04-30T23:51:25","guid":{"rendered":"http:\/\/www.maisbn.com\/portal\/?p=10870"},"modified":"2016-04-30T20:51:25","modified_gmt":"2016-04-30T23:51:25","slug":"policia-militar-leva-para-as-grades-homem-acusado-de-ser-um-dos-chefes-do-trafico-em-barrolandia","status":"publish","type":"post","link":"https:\/\/www.maisbn.com\/portal\/2016\/04\/policia-militar-leva-para-as-grades-homem-acusado-de-ser-um-dos-chefes-do-trafico-em-barrolandia\/","title":{"rendered":"Policia Militar leva para as grades homem acusado de ser um dos chefes do tr\u00e1fico em Barrol\u00e2ndia."},"content":{"rendered":"<p><span style=\"color: #000000;\">Uma opera\u00e7\u00e3o realizada pela Pol\u00edcia Militar de Barrol\u00e2ndia na manh\u00e3 deste s\u00e1bado (30\/04) capturou mais um indiv\u00edduo acusado de ser um dos l\u00edderes de uma fac\u00e7\u00e3o criminosa de Porto Seguro que vem buscando o dom\u00ednio dos pontos de drogas localizados em Barrol\u00e2ndia e Belmonte. Essa fac\u00e7\u00e3o, segundo investiga\u00e7\u00f5es policiais, tamb\u00e9m \u00e9 a principal respons\u00e1vel pelo aumento da criminalidade e vem tocando terror na popula\u00e7\u00e3o belmontense.<\/span><\/p>\n<p><a href=\"http:\/\/www.maisbn.com\/portal\/wp-content\/uploads\/2016\/04\/zoi_crime00002.jpg\"><img loading=\"lazy\" decoding=\"async\" class=\"aligncenter size-full wp-image-10871\" src=\"http:\/\/www.maisbn.com\/portal\/wp-content\/uploads\/2016\/04\/zoi_crime00002.jpg\" alt=\"zoi_crime00002\" width=\"650\" height=\"412\" \/><\/a><\/p>\n<p><span style=\"color: #000000;\">O indiv\u00edduo foi identificado pelo nome de Luciano da Silva Oliveira J\u00fanior (20 anos), mais conhecido em Barrol\u00e2ndia pelo apelido de Z\u00d3I. A opera\u00e7\u00e3o teve in\u00edcio quando os policiais receberam uma den\u00fancia an\u00f4nima de que o indiv\u00edduo citado estava transitando pela Pra\u00e7a Ruy Barbosa, localizada pr\u00f3xima \u00e0 sede do Pelot\u00e3o da Policia Militar de Barrol\u00e2ndia. As informa\u00e7\u00f5es constavam que o mesmo estava trajando camisa preta, short de cor bege e \u00f3culos escuros. O denunciante ainda colocou que o mesmo estava possivelmente usando um disfarce. A guarni\u00e7\u00e3o ent\u00e3o decidiu ir em busca de Z\u00d3I e optou por ficar distante observando a movimenta\u00e7\u00e3o das pessoas na citada pra\u00e7a. Durante a observa\u00e7\u00e3o os policiais perceberam a movimenta\u00e7\u00e3o de um homem com as mesmas caracter\u00edsticas passadas pelo denunciante. A guarni\u00e7\u00e3o ent\u00e3o cercou, abordou e identificou o indiv\u00edduo que foi capturado e conduzido para a Delegacia Territorial de Belmonte.<\/span><\/p>\n<p><a href=\"http:\/\/www.maisbn.com\/portal\/wp-content\/uploads\/2016\/04\/zoi_crime00001.jpg\"><img loading=\"lazy\" decoding=\"async\" class=\"aligncenter size-full wp-image-10872\" src=\"http:\/\/www.maisbn.com\/portal\/wp-content\/uploads\/2016\/04\/zoi_crime00001.jpg\" alt=\"zoi_crime00001\" width=\"650\" height=\"412\" \/><\/a><\/p>\n<p><span style=\"color: #000000;\">No momento em que foi capturado, Z\u00d3I estava usando uma peruca de cabelos longos e um chap\u00e9u para evitar ser reconhecido pelos policiais. A justi\u00e7a j\u00e1 tinha expedido a pris\u00e3o preventiva e o mesmo j\u00e1 vinha sendo procurado pelas for\u00e7as policiais.<\/span><\/p>\n<p><span style=\"color: #000000;\">As investiga\u00e7\u00f5es continuam e o policiamento da cidade permanece refor\u00e7ado e empenhado na busca dos outros integrantes que s\u00e3o acusados de liga\u00e7\u00f5es com a fac\u00e7\u00e3o criminosa citada.<\/span><\/p>\n","protected":false},"excerpt":{"rendered":"<p>Uma opera\u00e7\u00e3o realizada pela Pol\u00edcia Militar de Barrol\u00e2ndia na manh\u00e3 deste s\u00e1bado (30\/04) capturou mais um indiv\u00edduo acusado de ser um dos l\u00edderes de uma fac\u00e7\u00e3o criminosa de Porto Seguro que vem buscando o dom\u00ednio dos pontos de drogas localizados em Barrol\u00e2ndia e Belmonte. Essa fac\u00e7\u00e3o, segundo investiga\u00e7\u00f5es policiais, tamb\u00e9m \u00e9 a principal respons\u00e1vel pelo [&hellip;]<\/p>\n","protected":false},"author":7,"featured_media":10871,"comment_status":"open","ping_status":"open","sticky":false,"template":"","format":"standard","meta":{"footnotes":""},"categories":[1,16],"tags":[108],"class_list":["post-10870","post","type-post","status-publish","format-standard","has-post-thumbnail","hentry","category-noticias","category-policial","tag-belmonte"],"_links":{"self":[{"href":"https:\/\/www.maisbn.com\/portal\/wp-json\/wp\/v2\/posts\/10870","targetHints":{"allow":["GET"]}}],"collection":[{"href":"https:\/\/www.maisbn.com\/portal\/wp-json\/wp\/v2\/posts"}],"about":[{"href":"https:\/\/www.maisbn.com\/portal\/wp-json\/wp\/v2\/types\/post"}],"author":[{"embeddable":true,"href":"https:\/\/www.maisbn.com\/portal\/wp-json\/wp\/v2\/users\/7"}],"replies":[{"embeddable":true,"href":"https:\/\/www.maisbn.com\/portal\/wp-json\/wp\/v2\/comments?post=10870"}],"version-history":[{"count":1,"href":"https:\/\/www.maisbn.com\/portal\/wp-json\/wp\/v2\/posts\/10870\/revisions"}],"predecessor-version":[{"id":10873,"href":"https:\/\/www.maisbn.com\/portal\/wp-json\/wp\/v2\/posts\/10870\/revisions\/10873"}],"wp:featuredmedia":[{"embeddable":true,"href":"https:\/\/www.maisbn.com\/portal\/wp-json\/wp\/v2\/media\/10871"}],"wp:attachment":[{"href":"https:\/\/www.maisbn.com\/portal\/wp-json\/wp\/v2\/media?parent=10870"}],"wp:term":[{"taxonomy":"category","embeddable":true,"href":"https:\/\/www.maisbn.com\/portal\/wp-json\/wp\/v2\/categories?post=10870"},{"taxonomy":"post_tag","embeddable":true,"href":"https:\/\/www.maisbn.com\/portal\/wp-json\/wp\/v2\/tags?post=10870"}],"curies":[{"name":"wp","href":"https:\/\/api.w.org\/{rel}","templated":true}]}}