{"id":10857,"date":"2016-04-29T15:23:50","date_gmt":"2016-04-29T18:23:50","guid":{"rendered":"http:\/\/www.maisbn.com\/portal\/?p=10857"},"modified":"2016-04-29T15:42:19","modified_gmt":"2016-04-29T18:42:19","slug":"belmonte-nao-cancelara-dia-d-da-campanha-nacional-de-vacinacao-contra-a-gripe","status":"publish","type":"post","link":"https:\/\/www.maisbn.com\/portal\/2016\/04\/belmonte-nao-cancelara-dia-d-da-campanha-nacional-de-vacinacao-contra-a-gripe\/","title":{"rendered":"Belmonte n\u00e3o cancelar\u00e1 Dia D da Campanha Nacional de Vacina\u00e7\u00e3o contra a Gripe."},"content":{"rendered":"<p><a href=\"http:\/\/www.maisbn.com\/portal\/wp-content\/uploads\/2016\/04\/Campanha_de_vacinacao.jpg\"><img loading=\"lazy\" decoding=\"async\" class=\"aligncenter size-full wp-image-10858\" src=\"http:\/\/www.maisbn.com\/portal\/wp-content\/uploads\/2016\/04\/Campanha_de_vacinacao.jpg\" alt=\"Campanha_de_vacinacao\" width=\"568\" height=\"285\" srcset=\"https:\/\/www.maisbn.com\/portal\/wp-content\/uploads\/2016\/04\/Campanha_de_vacinacao.jpg 568w, https:\/\/www.maisbn.com\/portal\/wp-content\/uploads\/2016\/04\/Campanha_de_vacinacao-350x175.jpg 350w\" sizes=\"auto, (max-width: 568px) 100vw, 568px\" \/><\/a><\/p>\n<p><span style=\"color: #000000;\">V\u00e1rios munic\u00edpios baianos, incluindo a capital Salvador, anunciaram o cancelamento do Dia D da Campanha Nacional de Vacina\u00e7\u00e3o contra a Gripe que seria realizado nesse s\u00e1bado (30\/04). A Secretaria de Sa\u00fade do Estado da Bahia (SESAB) informou que o motivo seria a falta de doses da vacina para atender a demanda de todos os munic\u00edpios. O N\u00facleo Regional de Sa\u00fade informou que o laborat\u00f3rio respons\u00e1vel pela produ\u00e7\u00e3o das vacinas n\u00e3o est\u00e1 conseguindo produzir doses em n\u00famero suficiente e que os estoques n\u00e3o atenderiam a demanda dos estados e munic\u00edpios.<\/span><\/p>\n<p><span style=\"color: #000000;\">Segundo informa\u00e7\u00f5es at\u00e9 o final da tarde desta quarta-feira (27), 91 munic\u00edpios baianos n\u00e3o aplicaram uma dose sequer da vacina contra o v\u00edrus da Influenza, o H1N1. A notifica\u00e7\u00e3o \u00e9 necess\u00e1ria para que o Minist\u00e9rio da Sa\u00fade identifique a necessidade de enviar ou n\u00e3o novos lotes da vacina. O procedimento \u00e9 realizado todos os anos, mas tornou-se mais importante devido \u00e0 intensa procura nos postos de sa\u00fade. A Secretaria da Sa\u00fade do Estado (Sesab) distribuiu 1,6 milh\u00e3o de doses da subst\u00e2ncia, suficiente para atender a cerca de 50% do p\u00fablico-alvo da campanha. At\u00e9 ent\u00e3o foram aplicadas 624.047 doses.<\/span><\/p>\n<p><span style=\"color: #000000;\">No entanto, a Secretaria Municipal de Sa\u00fade de Belmonte resolveu manter a campanha. Segundo a Sr\u00aa Wadla, gestora da pasta, o Conselho Estadual de Secret\u00e1rios Municipais de Sa\u00fade (COSEMS-BA) enviou um informe compreendendo as peculiaridade\u00a0 de cada munic\u00edpio e informou que fica a crit\u00e9rio de cada gestor municipal decidir sobre a realiza\u00e7\u00e3o, ou n\u00e3o, do Dia D da Campanha Nacional de Vacina\u00e7\u00e3o contra a Gripe. Diante do fato, a Secretaria de Sa\u00fade fez um estudo sobre os estoques existentes no munic\u00edpio e chegou \u00e0 conclus\u00e3o de que n\u00e3o havia a necessidade de cancelamento da campanha em Belmonte. &#8220;O dia Dia D da Campanha Nacional de Vacina\u00e7\u00e3o contra a Gripe est\u00e1 mantido em Belmonte para esse s\u00e1bado (30\/04) e as equipes de vacina\u00e7\u00e3o estar\u00e3o dispon\u00edveis para atender todo o p\u00fablico alvo. &#8221; &#8211; Comentou Wadla.<\/span><\/p>\n<p><span style=\"color: #000000;\">Todas as pessoas maiores de 60 anos, gestantes, mulheres com at\u00e9 45 dias ap\u00f3s o parto, doentes cr\u00f4nicos, crian\u00e7as de 6 meses a menores de 5 anos e ind\u00edgenas a partir de 6 meses devem se vacinar. O p\u00fablico citado deve se dirigir aos Postos de Vacina\u00e7\u00e3o espalhados por todo o munic\u00edpio que funcionar\u00e3o no per\u00edodo da manh\u00e3.<br \/>\n<\/span><\/p>\n<p>&nbsp;<\/p>\n","protected":false},"excerpt":{"rendered":"<p>V\u00e1rios munic\u00edpios baianos, incluindo a capital Salvador, anunciaram o cancelamento do Dia D da Campanha Nacional de Vacina\u00e7\u00e3o contra a Gripe que seria realizado nesse s\u00e1bado (30\/04). A Secretaria de Sa\u00fade do Estado da Bahia (SESAB) informou que o motivo seria a falta de doses da vacina para atender a demanda de todos os munic\u00edpios. [&hellip;]<\/p>\n","protected":false},"author":7,"featured_media":10858,"comment_status":"open","ping_status":"open","sticky":false,"template":"","format":"standard","meta":{"footnotes":""},"categories":[1,28],"tags":[108],"class_list":["post-10857","post","type-post","status-publish","format-standard","has-post-thumbnail","hentry","category-noticias","category-saude-noticias","tag-belmonte"],"_links":{"self":[{"href":"https:\/\/www.maisbn.com\/portal\/wp-json\/wp\/v2\/posts\/10857","targetHints":{"allow":["GET"]}}],"collection":[{"href":"https:\/\/www.maisbn.com\/portal\/wp-json\/wp\/v2\/posts"}],"about":[{"href":"https:\/\/www.maisbn.com\/portal\/wp-json\/wp\/v2\/types\/post"}],"author":[{"embeddable":true,"href":"https:\/\/www.maisbn.com\/portal\/wp-json\/wp\/v2\/users\/7"}],"replies":[{"embeddable":true,"href":"https:\/\/www.maisbn.com\/portal\/wp-json\/wp\/v2\/comments?post=10857"}],"version-history":[{"count":5,"href":"https:\/\/www.maisbn.com\/portal\/wp-json\/wp\/v2\/posts\/10857\/revisions"}],"predecessor-version":[{"id":10863,"href":"https:\/\/www.maisbn.com\/portal\/wp-json\/wp\/v2\/posts\/10857\/revisions\/10863"}],"wp:featuredmedia":[{"embeddable":true,"href":"https:\/\/www.maisbn.com\/portal\/wp-json\/wp\/v2\/media\/10858"}],"wp:attachment":[{"href":"https:\/\/www.maisbn.com\/portal\/wp-json\/wp\/v2\/media?parent=10857"}],"wp:term":[{"taxonomy":"category","embeddable":true,"href":"https:\/\/www.maisbn.com\/portal\/wp-json\/wp\/v2\/categories?post=10857"},{"taxonomy":"post_tag","embeddable":true,"href":"https:\/\/www.maisbn.com\/portal\/wp-json\/wp\/v2\/tags?post=10857"}],"curies":[{"name":"wp","href":"https:\/\/api.w.org\/{rel}","templated":true}]}}