{"id":10830,"date":"2016-04-26T09:24:11","date_gmt":"2016-04-26T12:24:11","guid":{"rendered":"http:\/\/www.maisbn.com\/portal\/?p=10830"},"modified":"2016-04-26T09:29:17","modified_gmt":"2016-04-26T12:29:17","slug":"atleta-belmontense-brilha-no-grand-slam-internacional-de-jiu-jitsu-profissional-realizado-em-salvador","status":"publish","type":"post","link":"https:\/\/www.maisbn.com\/portal\/2016\/04\/atleta-belmontense-brilha-no-grand-slam-internacional-de-jiu-jitsu-profissional-realizado-em-salvador\/","title":{"rendered":"Atleta belmontense brilha no Grand Slam Internacional de Jiu-j\u00edtsu Profissional realizado em Salvador."},"content":{"rendered":"<p><span style=\"color: #000000;\">Ele tem apenas 17 anos de idade e j\u00e1 promete ser uma grande revela\u00e7\u00e3o do Jiu-j\u00edtsu brasileiro, gra\u00e7as \u00e0 sua dedica\u00e7\u00e3o, garra, disciplina e amor pelo esporte que faz. Estamos falando do atleta belmontense Tarcisio Gomes, que levou para a sua galeria de vit\u00f3rias duas medalhas de ouro conquistadas no\u00a0Grand Slam Internacional de Jiu-j\u00edtsu Profissional.<\/span><\/p>\n<p><a href=\"http:\/\/www.maisbn.com\/portal\/wp-content\/uploads\/2016\/04\/tarcisio01.jpg\"><img loading=\"lazy\" decoding=\"async\" class=\"aligncenter size-full wp-image-10831\" src=\"http:\/\/www.maisbn.com\/portal\/wp-content\/uploads\/2016\/04\/tarcisio01.jpg\" alt=\"tarcisio01\" width=\"553\" height=\"700\" \/><\/a><\/p>\n<p><span style=\"color: #000000;\">O evento aconteceu em Salvador no \u00faltimo dia 24\/04 e contou com a participa\u00e7\u00e3o de cerca de 800 atletas. Tarc\u00edsio ganhou o ouro em duas categorias: Uma com Kimono e a outra sem o uso do Kimono. &#8220;Eu estou muito feliz de ter conseguido esses resultados e continuo focado para conseguir mais vit\u00f3rias.&#8221; &#8211; Comentou Tarcisio.<\/span><\/p>\n<p><a href=\"http:\/\/www.maisbn.com\/portal\/wp-content\/uploads\/2016\/04\/tarcisio02.jpg\"><img loading=\"lazy\" decoding=\"async\" class=\"aligncenter size-full wp-image-10832\" src=\"http:\/\/www.maisbn.com\/portal\/wp-content\/uploads\/2016\/04\/tarcisio02.jpg\" alt=\"tarcisio02\" width=\"650\" height=\"488\" \/><\/a><\/p>\n<p><span style=\"color: #000000;\">A rotina de treinos do atleta \u00e9 bem definida. Tarc\u00edsio mora em Barrol\u00e2ndia e faz muscula\u00e7\u00e3o no Projeto Vencer Barrol\u00e2ndia, que tamb\u00e9m \u00e9 um dos patrocinadores do mesmo. O mesmo ainda contou que duas vezes na semana ele vai para Belmonte para treinar na Academia Maselli\u00a0 Jiu-j\u00edtsu. &#8220;\u00c9 uma rotina toda focada no esporte e s\u00e3o treinos duros, j\u00e1 que, eu enfrento atletas profissionais com uma estrutura muito maior do que a minha.&#8221; &#8211; Comentou Tarc\u00edsio.<\/span><\/p>\n<p><a href=\"http:\/\/www.maisbn.com\/portal\/wp-content\/uploads\/2016\/03\/campeao_jiujitsu00003.jpg\"><img loading=\"lazy\" decoding=\"async\" class=\"aligncenter size-full wp-image-10434\" src=\"http:\/\/www.maisbn.com\/portal\/wp-content\/uploads\/2016\/03\/campeao_jiujitsu00003.jpg\" alt=\"campeao_jiujitsu00003\" width=\"650\" height=\"412\" \/><\/a><\/p>\n<p><span style=\"color: #000000;\">Perguntado sobre como anda a quest\u00e3o dos patroc\u00ednios, Tarcisio revelou que vem recebendo ajuda de alguns comerciantes e da Prefeitura Municipal de Belmonte, mas as viagens para treinar em Belmonte e parte dos recursos que o mesmo usa para competir ainda est\u00e3o saindo do seu pr\u00f3prio bolso e da sua fam\u00edlia. O mesmo ainda colocou que ainda falta uma boa estrutura de prepara\u00e7\u00e3o com mais recursos dispon\u00edveis, mas ele comentou que se supera atrav\u00e9s da garra e da vontade de vencer.<\/span><\/p>\n<p><a href=\"http:\/\/www.maisbn.com\/portal\/wp-content\/uploads\/2016\/03\/campeao_jiujitsu00004.jpg\"><img loading=\"lazy\" decoding=\"async\" class=\"aligncenter size-full wp-image-10435\" src=\"http:\/\/www.maisbn.com\/portal\/wp-content\/uploads\/2016\/03\/campeao_jiujitsu00004.jpg\" alt=\"campeao_jiujitsu00004\" width=\"650\" height=\"412\" \/><\/a><\/p>\n<p><span style=\"color: #000000;\">De longe Tarc\u00edsio Gomes j\u00e1 \u00e9 um fen\u00f4meno do Jiu-j\u00edtsu belmontense com 10 competi\u00e7\u00f5es vencidas desde 2013 e \u00e9 uma revela\u00e7\u00e3o do esporte Sul-americano. Tarc\u00edsio \u00e9 faixa azul de Jiu-j\u00edtsu e compete na categoria Juvenil-Azul-Pluma.<\/span><\/p>\n<p><span style=\"color: #000000;\">Agora Tarc\u00edsio est\u00e1 se preparando para o maior campeonato do Brasil que \u00e9 o Campeonato Brasileiro de Jiu-j\u00edtsu. O evento ser\u00e1 realizado em S\u00e3o Paulo entre os dias 27\/04 e 01\/05 e contar\u00e1 com a participa\u00e7\u00e3o de atletas renomados do Jiu-j\u00edtsu brasileiro. O atleta informou que precisa de patroc\u00ednio para essa competi\u00e7\u00e3o importante e pede aos empres\u00e1rios e entes p\u00fablicos que o ajude a alcan\u00e7ar essa grande vit\u00f3ria.\u00a0 <\/span><\/p>\n<p><span style=\"color: #000000;\">Atualmente o atleta Tarc\u00edsio Gomes conta com o patroc\u00ednio do Posto Riomar, TG Bicicleria, Projeto Vemcer Barrol\u00e2ndia e Prefeitura Municipal de Esportes, atrav\u00e9s da Secretaria de Esportes.<\/span><\/p>\n<p>&nbsp;<\/p>\n","protected":false},"excerpt":{"rendered":"<p>Ele tem apenas 17 anos de idade e j\u00e1 promete ser uma grande revela\u00e7\u00e3o do Jiu-j\u00edtsu brasileiro, gra\u00e7as \u00e0 sua dedica\u00e7\u00e3o, garra, disciplina e amor pelo esporte que faz. Estamos falando do atleta belmontense Tarcisio Gomes, que levou para a sua galeria de vit\u00f3rias duas medalhas de ouro conquistadas no\u00a0Grand Slam Internacional de Jiu-j\u00edtsu Profissional. [&hellip;]<\/p>\n","protected":false},"author":7,"featured_media":10832,"comment_status":"open","ping_status":"open","sticky":false,"template":"","format":"standard","meta":{"footnotes":""},"categories":[10,1],"tags":[108],"class_list":["post-10830","post","type-post","status-publish","format-standard","has-post-thumbnail","hentry","category-esporte","category-noticias","tag-belmonte"],"_links":{"self":[{"href":"https:\/\/www.maisbn.com\/portal\/wp-json\/wp\/v2\/posts\/10830","targetHints":{"allow":["GET"]}}],"collection":[{"href":"https:\/\/www.maisbn.com\/portal\/wp-json\/wp\/v2\/posts"}],"about":[{"href":"https:\/\/www.maisbn.com\/portal\/wp-json\/wp\/v2\/types\/post"}],"author":[{"embeddable":true,"href":"https:\/\/www.maisbn.com\/portal\/wp-json\/wp\/v2\/users\/7"}],"replies":[{"embeddable":true,"href":"https:\/\/www.maisbn.com\/portal\/wp-json\/wp\/v2\/comments?post=10830"}],"version-history":[{"count":3,"href":"https:\/\/www.maisbn.com\/portal\/wp-json\/wp\/v2\/posts\/10830\/revisions"}],"predecessor-version":[{"id":10835,"href":"https:\/\/www.maisbn.com\/portal\/wp-json\/wp\/v2\/posts\/10830\/revisions\/10835"}],"wp:featuredmedia":[{"embeddable":true,"href":"https:\/\/www.maisbn.com\/portal\/wp-json\/wp\/v2\/media\/10832"}],"wp:attachment":[{"href":"https:\/\/www.maisbn.com\/portal\/wp-json\/wp\/v2\/media?parent=10830"}],"wp:term":[{"taxonomy":"category","embeddable":true,"href":"https:\/\/www.maisbn.com\/portal\/wp-json\/wp\/v2\/categories?post=10830"},{"taxonomy":"post_tag","embeddable":true,"href":"https:\/\/www.maisbn.com\/portal\/wp-json\/wp\/v2\/tags?post=10830"}],"curies":[{"name":"wp","href":"https:\/\/api.w.org\/{rel}","templated":true}]}}