{"id":10784,"date":"2016-04-14T18:40:18","date_gmt":"2016-04-14T21:40:18","guid":{"rendered":"http:\/\/www.maisbn.com\/portal\/?p=10784"},"modified":"2016-04-14T18:40:18","modified_gmt":"2016-04-14T21:40:18","slug":"prefeito-neto-guerrieri-confirma-oficialmente-o-cancelamento-do-pedrao-2016-garantindo-concentrar-recursos-na-uti-e-pavimentacoes","status":"publish","type":"post","link":"https:\/\/www.maisbn.com\/portal\/2016\/04\/prefeito-neto-guerrieri-confirma-oficialmente-o-cancelamento-do-pedrao-2016-garantindo-concentrar-recursos-na-uti-e-pavimentacoes\/","title":{"rendered":"Prefeito Neto Guerrieri confirma oficialmente o cancelamento do Pedr\u00e3o 2016, garantindo concentrar recursos na UTI e pavimenta\u00e7\u00f5es."},"content":{"rendered":"<p><a href=\"http:\/\/www.maisbn.com\/portal\/wp-content\/uploads\/2016\/04\/entrevista_neto.jpg\"><img loading=\"lazy\" decoding=\"async\" class=\"aligncenter size-full wp-image-10785\" src=\"http:\/\/www.maisbn.com\/portal\/wp-content\/uploads\/2016\/04\/entrevista_neto.jpg\" alt=\"entrevista_neto\" width=\"700\" height=\"442\" \/><\/a><\/p>\n<p><span style=\"color: #000000;\">Logo ap\u00f3s a inaugura\u00e7\u00e3o da Creche do Alecrim, nesta quarta-feira, 13, o prefeito de Eun\u00e1polis, Neto Guerrieri, concedeu demorada entrevista atrav\u00e9s da r\u00e1dio 104 FM Vida, onde anunciou a inaugura\u00e7\u00e3o da UTI, das futuras obras que ser\u00e3o inauguradas de agora em diante, at\u00e9 o termino do seu mandato.<\/span><\/p>\n<p><span style=\"color: #000000;\">Falou tamb\u00e9m sobre o saneamento b\u00e1sico em toda cidade, abordou temas diversos de interesse da popula\u00e7\u00e3o, tendo como exemplo mais de 40 ruas que ser\u00e3o pavimentadas, sobre as constru\u00e7\u00f5es dos mercados do Pequi e Juca Rosa, dos novos col\u00e9gios e definiu o m\u00eas de junho\u00a0para inaugurar o Col\u00e9gio An\u00e9sia Guimaraes, no bairro do Pequi.<\/span><br \/>\n<span style=\"color: #000000;\"> Durante a sua entrevista, houve a participa\u00e7\u00e3o de v\u00e1rios vereadores, como: Jota Batista, Jorge Ma\u00e9cio, Gildair, Jos\u00e9 Carlos Taxista.<\/span><\/p>\n<p><span style=\"color: #000000;\">O ponto alto\u00a0foi quando o prefeito declarou publicamente que estaria cancelando o Pedr\u00e3o 2016, para canalizar os recursos na ordem de R$ 3 milh\u00f5es na UTI,\u00a0e nas pavimenta\u00e7\u00f5es de mais de 40 ruas. Quanto aos festejos juninos, Neto esclareceu que vai fazer o S\u00e3o Jo\u00e3o nos bairros. \u201cA UTI e as pavimenta\u00e7\u00f5es s\u00e3o mais importantes para a popula\u00e7\u00e3o. Este \u00e9 o momento de cuidarmos dos jovens\u201d, disse Neto.<\/span><\/p>\n","protected":false},"excerpt":{"rendered":"<p>Logo ap\u00f3s a inaugura\u00e7\u00e3o da Creche do Alecrim, nesta quarta-feira, 13, o prefeito de Eun\u00e1polis, Neto Guerrieri, concedeu demorada entrevista atrav\u00e9s da r\u00e1dio 104 FM Vida, onde anunciou a inaugura\u00e7\u00e3o da UTI, das futuras obras que ser\u00e3o inauguradas de agora em diante, at\u00e9 o termino do seu mandato. Falou tamb\u00e9m sobre o saneamento b\u00e1sico em [&hellip;]<\/p>\n","protected":false},"author":7,"featured_media":10785,"comment_status":"open","ping_status":"open","sticky":false,"template":"","format":"standard","meta":{"footnotes":""},"categories":[45,1],"tags":[108],"class_list":["post-10784","post","type-post","status-publish","format-standard","has-post-thumbnail","hentry","category-cidades","category-noticias","tag-belmonte"],"_links":{"self":[{"href":"https:\/\/www.maisbn.com\/portal\/wp-json\/wp\/v2\/posts\/10784","targetHints":{"allow":["GET"]}}],"collection":[{"href":"https:\/\/www.maisbn.com\/portal\/wp-json\/wp\/v2\/posts"}],"about":[{"href":"https:\/\/www.maisbn.com\/portal\/wp-json\/wp\/v2\/types\/post"}],"author":[{"embeddable":true,"href":"https:\/\/www.maisbn.com\/portal\/wp-json\/wp\/v2\/users\/7"}],"replies":[{"embeddable":true,"href":"https:\/\/www.maisbn.com\/portal\/wp-json\/wp\/v2\/comments?post=10784"}],"version-history":[{"count":1,"href":"https:\/\/www.maisbn.com\/portal\/wp-json\/wp\/v2\/posts\/10784\/revisions"}],"predecessor-version":[{"id":10786,"href":"https:\/\/www.maisbn.com\/portal\/wp-json\/wp\/v2\/posts\/10784\/revisions\/10786"}],"wp:featuredmedia":[{"embeddable":true,"href":"https:\/\/www.maisbn.com\/portal\/wp-json\/wp\/v2\/media\/10785"}],"wp:attachment":[{"href":"https:\/\/www.maisbn.com\/portal\/wp-json\/wp\/v2\/media?parent=10784"}],"wp:term":[{"taxonomy":"category","embeddable":true,"href":"https:\/\/www.maisbn.com\/portal\/wp-json\/wp\/v2\/categories?post=10784"},{"taxonomy":"post_tag","embeddable":true,"href":"https:\/\/www.maisbn.com\/portal\/wp-json\/wp\/v2\/tags?post=10784"}],"curies":[{"name":"wp","href":"https:\/\/api.w.org\/{rel}","templated":true}]}}