{"id":10730,"date":"2016-04-06T09:36:36","date_gmt":"2016-04-06T12:36:36","guid":{"rendered":"http:\/\/www.maisbn.com\/portal\/?p=10730"},"modified":"2016-04-06T09:36:36","modified_gmt":"2016-04-06T12:36:36","slug":"veracel-celulose-e-voluntarios-comemoram-10-anos-da-rede-de-percepcao-de-odor","status":"publish","type":"post","link":"https:\/\/www.maisbn.com\/portal\/2016\/04\/veracel-celulose-e-voluntarios-comemoram-10-anos-da-rede-de-percepcao-de-odor\/","title":{"rendered":"Veracel Celulose e volunt\u00e1rios comemoram 10 anos da Rede de Percep\u00e7\u00e3o de Odor."},"content":{"rendered":"<p><span style=\"color: #000000;\">No dia 19\/03, a Veracel Celulose promoveu um evento em comemora\u00e7\u00e3o aos 10 anos da Rede de Percep\u00e7\u00e3o de Odor (RPO). O evento aconteceu na f\u00e1brica e contou com a participa\u00e7\u00e3o de colaboradores da empresa, do Instituto do Meio Ambiente e Recursos H\u00eddricos (INEMA), de volunt\u00e1rios da Rede e de seus convidados. Al\u00e9m do momento de celebra\u00e7\u00e3o, foram apresentados o hist\u00f3rico dos registros de odor nas comunidades ao longo destes 10 anos e as perspectivas para o futuro, al\u00e9m da reciclagem do treinamento dos volunt\u00e1rios na percep\u00e7\u00e3o de odor.<\/span><\/p>\n<p><a href=\"http:\/\/www.maisbn.com\/portal\/wp-content\/uploads\/2016\/04\/162.jpg\"><img loading=\"lazy\" decoding=\"async\" class=\"aligncenter size-full wp-image-10731\" src=\"http:\/\/www.maisbn.com\/portal\/wp-content\/uploads\/2016\/04\/162.jpg\" alt=\"162\" width=\"650\" height=\"433\" \/><\/a><\/p>\n<p><span style=\"color: #000000;\">Durante o evento, os volunt\u00e1rios e os seus convidados tamb\u00e9m conheceram um pouco mais das opera\u00e7\u00f5es da f\u00e1brica e visitaram a atividade de colheita de eucalipto em uma das \u00e1reas da empresa. \u201cParticipar dessa reciclagem anual faz com que a gente se sinta muito mais integrada \u00e0 RPO e cada vez mais preparada para atuar quando necess\u00e1rio\u201d, afirmou a volunt\u00e1ria de Itapebi, Darlene Rosa Soares.<\/span><\/p>\n<p><span style=\"color: #000000;\">Como parte da programa\u00e7\u00e3o, os volunt\u00e1rios foram homenageados e reconhecidos por sua participa\u00e7\u00e3o nos 10 anos da RPO . \u201cCom o apoio da comunidade, temos conseguido avaliar ano a ano a efic\u00e1cia do sistema de controle de odor da f\u00e1brica.\u00a0 \u00c9 atrav\u00e9s das comunica\u00e7\u00f5es de odor feita pelos volunt\u00e1rios que n\u00f3s podemos perceber se estamos no caminho certo\u201d, destacou Tarciso Matos, coordenador de Controle Ambiental da empresa.<\/span><\/p>\n<p><span style=\"color: #000000;\">A atua\u00e7\u00e3o dos volunt\u00e1rios tamb\u00e9m foi reconhecida pelo representante do INEMA, Carlos Medeiros. \u201cA comunidade tamb\u00e9m possui um papel fiscalizador e tem grande import\u00e2ncia para o monitoramento de qualquer odor emitido pela f\u00e1brica da Veracel\u201d, enfatizou.<\/span><\/p>\n<p><span style=\"color: #000000;\">O diretor de Opera\u00e7\u00f5es da Veracel, Ari Medeiros, comentou que no ano de 2015 nenhuma ocorr\u00eancia ou suspeita de odor foi registrada pela RPO. \u201cForam anos de investimento em equipamentos, treinamentos e nas pessoas. Gra\u00e7as ao empenho de todos, conseguimos ter bons resultados e hoje somos refer\u00eancia para outras empresas. Isso \u00e9 fruto de um trabalho cont\u00ednuo e integrado entre a empresa e a comunidade\u201d, assegurou Medeiros, acrescentando ainda que o desafio da Veracel agora \u00e9 manter os mais baixos \u00edndices de registros de percep\u00e7\u00e3o de odor na comunidade.<\/span><\/p>\n<p><span style=\"color: #000000;\"><strong>RPO: 10 ANOS DE RESPEITO AO MEIO AMBIENTE E \u00c0S COMUNIDADES<\/strong><\/span><\/p>\n<p><span style=\"color: #000000;\">Criada em 2005 com a finalidade de atendimento a uma condicionante ambiental da licen\u00e7a de opera\u00e7\u00e3o da f\u00e1brica emitida pelo INEMA, a Rede de Percep\u00e7\u00e3o de Odor (RPO) \u00e9 um bom exemplo de respeito ao meio ambiente e \u00e0s pessoas. Os registros de ocorr\u00eancias de odor nas comunidades baixaram de 19, em 2011, para zero, em 2015.<\/span><\/p>\n<p><span style=\"color: #000000;\">Atualmente, 25 volunt\u00e1rios moradores vizinhas da f\u00e1brica participam da Rede e ajudam no controle da emiss\u00e3o de odor que podem ser emitidos pela f\u00e1brica. Os volunt\u00e1rios s\u00e3o moradores de Itapebi, Itagimirim, Eun\u00e1polis (incluindo a sede do mun\u00edcipio, o distrito de Mundo Novo e o distrito de Projeto Maravilha), Vera Cruz \u2013 distrito de Porto Seguro, e Belmonte (incluindo a sede do munic\u00edpio e os distritos de Barrol\u00e2ndia e Santa Maria Eterna).<\/span><\/p>\n","protected":false},"excerpt":{"rendered":"<p>No dia 19\/03, a Veracel Celulose promoveu um evento em comemora\u00e7\u00e3o aos 10 anos da Rede de Percep\u00e7\u00e3o de Odor (RPO). O evento aconteceu na f\u00e1brica e contou com a participa\u00e7\u00e3o de colaboradores da empresa, do Instituto do Meio Ambiente e Recursos H\u00eddricos (INEMA), de volunt\u00e1rios da Rede e de seus convidados. Al\u00e9m do momento [&hellip;]<\/p>\n","protected":false},"author":7,"featured_media":10731,"comment_status":"open","ping_status":"open","sticky":false,"template":"","format":"standard","meta":{"footnotes":""},"categories":[29,1],"tags":[108],"class_list":["post-10730","post","type-post","status-publish","format-standard","has-post-thumbnail","hentry","category-empreendimentos","category-noticias","tag-belmonte"],"_links":{"self":[{"href":"https:\/\/www.maisbn.com\/portal\/wp-json\/wp\/v2\/posts\/10730","targetHints":{"allow":["GET"]}}],"collection":[{"href":"https:\/\/www.maisbn.com\/portal\/wp-json\/wp\/v2\/posts"}],"about":[{"href":"https:\/\/www.maisbn.com\/portal\/wp-json\/wp\/v2\/types\/post"}],"author":[{"embeddable":true,"href":"https:\/\/www.maisbn.com\/portal\/wp-json\/wp\/v2\/users\/7"}],"replies":[{"embeddable":true,"href":"https:\/\/www.maisbn.com\/portal\/wp-json\/wp\/v2\/comments?post=10730"}],"version-history":[{"count":1,"href":"https:\/\/www.maisbn.com\/portal\/wp-json\/wp\/v2\/posts\/10730\/revisions"}],"predecessor-version":[{"id":10732,"href":"https:\/\/www.maisbn.com\/portal\/wp-json\/wp\/v2\/posts\/10730\/revisions\/10732"}],"wp:featuredmedia":[{"embeddable":true,"href":"https:\/\/www.maisbn.com\/portal\/wp-json\/wp\/v2\/media\/10731"}],"wp:attachment":[{"href":"https:\/\/www.maisbn.com\/portal\/wp-json\/wp\/v2\/media?parent=10730"}],"wp:term":[{"taxonomy":"category","embeddable":true,"href":"https:\/\/www.maisbn.com\/portal\/wp-json\/wp\/v2\/categories?post=10730"},{"taxonomy":"post_tag","embeddable":true,"href":"https:\/\/www.maisbn.com\/portal\/wp-json\/wp\/v2\/tags?post=10730"}],"curies":[{"name":"wp","href":"https:\/\/api.w.org\/{rel}","templated":true}]}}